{"id":21466,"date":"2026-04-29T10:10:38","date_gmt":"2026-04-29T08:10:38","guid":{"rendered":"https:\/\/lcpr.pl\/zg\/?p=21466"},"modified":"2026-04-29T11:50:51","modified_gmt":"2026-04-29T09:50:51","slug":"zapraszamy-lubuskich-przedsiebiorcow-do-udzialu-w-misji-gospodarczej-do-holandii-w-dniach-17-22-maja-2026-r-polaczonej-z-udzialem-w-tragach-plma-world-of-private-label-2026-w-holandii-d","status":"publish","type":"post","link":"https:\/\/lcpr.pl\/zg\/2026\/04\/29\/zapraszamy-lubuskich-przedsiebiorcow-do-udzialu-w-misji-gospodarczej-do-holandii-w-dniach-17-22-maja-2026-r-polaczonej-z-udzialem-w-tragach-plma-world-of-private-label-2026-w-holandii-d\/","title":{"rendered":"Zapraszamy lubuskich przedsi\u0119biorc\u00f3w do udzia\u0142u w misji gospodarczej do Holandii w dniach 17-22 maja 2026 r. targi PLMA &#8222;World of Private Label&#8221; 2026 w Holandii \u2013 drugi nab\u00f3r"},"content":{"rendered":"<style type=\"text\/css\"> \n#cmsms_row_69f1db42467c1 .cmsms_row_outer_parent { \n\tpadding-top: 0px; \n} \n\n#cmsms_row_69f1db42467c1 .cmsms_row_outer_parent { \n\tpadding-bottom: 50px; \n} \n\n \n#cmsms_row_69f1db4246f6e .cmsms_row_outer_parent { \n\tpadding-top: 0px; \n} \n\n#cmsms_row_69f1db4246f6e .cmsms_row_outer_parent { \n\tpadding-bottom: 50px; \n} \n\n \n#cmsms_row_69f1db4246fb2 .cmsms_row_outer_parent { \n\tpadding-top: 0px; \n} \n\n#cmsms_row_69f1db4246fb2 .cmsms_row_outer_parent { \n\tpadding-bottom: 50px; \n} \n\n\n.blog-content { font-family: &#8222;Segoe UI&#8221;, Roboto, &#8222;Helvetica Neue&#8221;, Arial, sans-serif; font-size: 0.8rem; font-weight: 100; line-height: 1.5; color: #212529; background-color: #fff; margin: 0 auto; padding: 1rem; text-align: left; word-break: break-word; } .blog-content h1, .blog-content h2, .blog-content h3 { font-weight: bold; line-height: 1.3; margin-top: 2rem; margin-bottom: 1rem; } .blog-content h1 { font-size: 2rem; } .blog-content h2 { font-size: 1.5rem; } .blog-content h3 { font-size: 1.25rem; } .blog-content p { margin-bottom: 0.8rem; } .blog-content a { color: #0066cc; text-decoration: underline; } .blog-content a:hover { text-decoration: none; }  \n#cmsms_row_69f1db424702b .cmsms_row_outer_parent { \n\tpadding-top: 0px; \n} \n\n#cmsms_row_69f1db424702b .cmsms_row_outer_parent { \n\tpadding-bottom: 50px; \n} \n\n \n#cmsms_clients_69f1db4247076 .cmsms_clients_item { height:180px; line-height:180px; } \n#cmsms_clients_69f1db4247076 .cmsms_clients_item a { line-height:180px; } \n \n#cmsms_row_69f1db42470b3 .cmsms_row_outer_parent { \n\tpadding-top: 0px; \n} \n\n#cmsms_row_69f1db42470b3 .cmsms_row_outer_parent { \n\tpadding-bottom: 50px; \n} \n\n \n#cmsms_row_69f1db4247654 .cmsms_row_outer_parent { \n\tpadding-top: 0px; \n} \n\n#cmsms_row_69f1db4247654 .cmsms_row_outer_parent { \n\tpadding-bottom: 50px; \n} \n\n<\/style><div id=\"cmsms_row_69f1db42467c1\" class=\"cmsms_row cmsms_color_scheme_default\">\n<div class=\"cmsms_row_outer_parent\">\n<div class=\"cmsms_row_outer\">\n<div class=\"cmsms_row_inner\">\n<div class=\"cmsms_row_margin\">\n<div class=\"cmsms_column one_first\">\n<div class=\"cmsms_text blog-content\">\n<p><strong>Zapraszamy lubuskich przedsi\u0119biorc\u00f3w do udzia\u0142u w misji gospodarczej do Holandii w dniach 17-22 maja 2026 r. po\u0142\u0105czonej z <\/strong><strong>udzia\u0142em w tragach <\/strong><strong>PLMA &#8222;World of Private Label&#8221; 2026 w Holandii \u2013 drugi nab\u00f3r<\/strong><\/p>\n<p><strong>\u00a0<\/strong><\/p>\n<p>Organizator rekrutuje firmy M\u015aP z nast\u0119puj\u0105cych bran\u017c:<\/p>\n<ul>\n<li>Spo\u017cywcza i bran\u017ce komplementarne (np. opakowaniowa)<\/li>\n<li>Wyposa\u017cenie hoteli i restauracji (HoReCa)<\/li>\n<li>Przemys\u0142 HoReCa<\/li>\n<li>Us\u0142ugi e-commerce<\/li>\n<\/ul>\n<p>Proponowane punkty programu:<\/p>\n<ul>\n<li>udzia\u0142 w mi\u0119dzynarodowych targach bran\u017cowych,<\/li>\n<li>spotkania B2B z miejscowych przedsi\u0119biorstwach prowadzonych na terenie kraju misji<\/li>\n<li>spotkania B2B z przedsi\u0119biorcami, przedstawicielami polskiej plac\u00f3wki dyplomacji gospodarczej,<\/li>\n<li>spotkania z instytucjami wspieraj\u0105cymi przedsi\u0119biorc\u00f3w, np.: Izb\u0105 Przemys\u0142owo-Handlow\u0105, rynkiem hurtowym\/ bran\u017cowym klastrem (w zale\u017cno\u015bci od profilu uczestnik\u00f3w misji).<\/li>\n<\/ul>\n<p>Zapewniamy r\u00f3wnie\u017c kompleksowo mi\u0119dzy innymi: us\u0142ug\u0119 t\u0142umaczenia, zakwaterowanie w hotelach, wy\u017cywienie, transport lotniczy i osobowy, itp.\u00a0<strong>Rekrutacja ma charakter otwarty i kierowana jest do wszystkich przedsi\u0119biorc\u00f3w z kategorii M\u015aP posiadaj\u0105cych siedzib\u0119 lub oddzia\u0142 na terenie wojew\u00f3dztwa lubuskiego.<\/strong>\u00a0<strong>Firmy zakwalifikowane do udzia\u0142u w misji gospodarczej pokrywaj\u0105 15% koszt\u00f3w organizacji wyjazdu w przeliczeniu na jednego uczestnika; szacowany koszt \u2013 ok. 3300,00 z\u0142 netto.<\/strong><\/p>\n<p><strong>Rekrutacja:<\/strong><\/p>\n<p>Przedsi\u0119biorcy dokonuj\u0105 zg\u0142oszenia udzia\u0142u poprzez wype\u0142nienie, podpisanie i przekazanie poni\u017cszych dokument\u00f3w do Sekretariatu LCPR w formie papierowej:<\/p>\n<ol>\n<li>Formularz zg\u0142oszeniowy,<\/li>\n<li>Formularz informacji przedstawianych przy ubieganiu si\u0119 o <em>pomoc de minimis<\/em>,<\/li>\n<li>O\u015bwiadczenie o otrzymanej\/nieotrzymanej pomocy de minimis<\/li>\n<li>zaparafowany projekt Umowy jako potwierdzenie zapis\u00f3w dokumentu,<\/li>\n<li>kopie certyfikat\u00f3w, atest\u00f3w, patent\u00f3w i innych dokument\u00f3w wymaganych w obrocie towarami na rynkach zagranicznych\/danego kraju.<\/li>\n<\/ol>\n<p>Dostarczone zg\u0142oszenia podlegaj\u0105 weryfikacji przez Sekretariat.<\/p>\n<p><strong>O zakwalifikowaniu przedsi\u0119biorcy do uczestnictwa w Misji decyduje uzyskana liczba punkt\u00f3w wg. kryteri\u00f3w opisanych w formularzu zg\u0142oszeniowym.<\/strong><\/p>\n<p>Obligatoryjnie w celu podpisaniu umowy przedsi\u0119biorca przeka\u017ce Organizatorowi Za\u015bwiadczenie o niezaleganiu wobec\u00a0 ZUS i Za\u015bwiadczenie o niezaleganiu wobec US, kt\u00f3re b\u0119d\u0105 stanowi\u0142y za\u0142\u0105czniki do umowy.<\/p>\n<p><strong>Rekrutacja trwa od 29.04.2026r. do 05.05.2026r. do godziny 10:00.<\/strong><\/p>\n<p>Szczeg\u00f3\u0142owe informacje dotycz\u0105ce zasad rekrutacji oraz dokumenty rekrutacyjne zawarte s\u0105 poni\u017cej:<\/p>\n<p><strong><em>za\u0142\u0105czniki<\/em><\/strong><\/p>\n<p><strong><em>Zadanie realizowane jest w ramach projektu nr FELB.01.05-IZ.00-0002\/23<\/em><\/strong><em> pt. \u201ePromocja gospodarcza wojew\u00f3dztwa lubuskiego poprzez organizacj\u0119 i udzia\u0142 w krajowych i zagranicznych misjach gospodarczych \u2013 trzecia edycja\u201d w ramach Dzia\u0142ania 1.5 Rozw\u00f3j przedsi\u0119biorczo\u015bci \u2013 dotacje, Typ projektu VI \u2013 Tworzenie oferty dla biznesu \u2013 obs\u0142uga inwestora i eksportera, Priorytet 1 Fundusze Europejskie dla lubuskiej gospodarki, Program Fundusze Europejskie dla Lubuskiego 2021-2027<\/em><\/p>\n<p>#FunduszeUE #UEdlaLubuskiego #UE #PomocUE #FunduszeEuropejskie #FunduszeUnijne #FunduszeEuropejskiedlaWojew\u00f3dztwaLubuskiego<\/p>\n<\/div>\n<div class=\"cmsms_text\">\n<p><\/p>\n<\/div>\n<div class=\"cmsms_gallery\">\n<ul>\n<li class=\"one_half\"><figure><a href=\"https:\/\/lcpr.pl\/zg\/wp-content\/uploads\/2026\/04\/tlo-holandia-002d-1.jpg\"><img loading=\"lazy\" decoding=\"async\" width=\"2250\" height=\"1295\" src=\"https:\/\/lcpr.pl\/zg\/wp-content\/uploads\/2026\/04\/tlo-holandia-002d-1.jpg\" class=\"attachment-full size-full\" alt=\"\" srcset=\"https:\/\/lcpr.pl\/zg\/wp-content\/uploads\/2026\/04\/tlo-holandia-002d-1.jpg 2250w, https:\/\/lcpr.pl\/zg\/wp-content\/uploads\/2026\/04\/tlo-holandia-002d-1-300x173.jpg 300w, https:\/\/lcpr.pl\/zg\/wp-content\/uploads\/2026\/04\/tlo-holandia-002d-1-1024x589.jpg 1024w, https:\/\/lcpr.pl\/zg\/wp-content\/uploads\/2026\/04\/tlo-holandia-002d-1-768x442.jpg 768w, https:\/\/lcpr.pl\/zg\/wp-content\/uploads\/2026\/04\/tlo-holandia-002d-1-1536x884.jpg 1536w, https:\/\/lcpr.pl\/zg\/wp-content\/uploads\/2026\/04\/tlo-holandia-002d-1-2048x1179.jpg 2048w, https:\/\/lcpr.pl\/zg\/wp-content\/uploads\/2026\/04\/tlo-holandia-002d-1-580x334.jpg 580w, https:\/\/lcpr.pl\/zg\/wp-content\/uploads\/2026\/04\/tlo-holandia-002d-1-820x472.jpg 820w, https:\/\/lcpr.pl\/zg\/wp-content\/uploads\/2026\/04\/tlo-holandia-002d-1-1160x668.jpg 1160w\" sizes=\"auto, (max-width: 2250px) 100vw, 2250px\" \/><\/a><\/figure><\/li><\/ul>\n<\/div>\n<\/div>\n<div class=\"cmsms_column one_first\">\n<\/div>\n<div class=\"cmsms_column one_first\">\n<\/div>\n<div class=\"cmsms_column one_first\">\n<\/div>\n<\/div>\n<\/div>\n<\/div>\n<\/div>\n<\/div>\n<div id=\"cmsms_row_69f1db4246f6e\" class=\"cmsms_row cmsms_color_scheme_default\">\n<div class=\"cmsms_row_outer_parent\">\n<div class=\"cmsms_row_outer\">\n<div class=\"cmsms_row_inner\">\n<div class=\"cmsms_row_margin\">\n<div class=\"cmsms_column one_first\">\n<\/div>\n<\/div>\n<\/div>\n<\/div>\n<\/div>\n<\/div>\n<div id=\"cmsms_row_69f1db4246fb2\" class=\"cmsms_row cmsms_color_scheme_default\">\n<div class=\"cmsms_row_outer_parent\">\n<div class=\"cmsms_row_outer\">\n<div class=\"cmsms_row_inner\">\n<div class=\"cmsms_row_margin\">\n<div class=\"cmsms_column one_first\">\n<div class=\"custom_css\">\n\n<\/div>\n<\/div>\n<\/div>\n<\/div>\n<\/div>\n<\/div>\n<\/div>\n<div id=\"cmsms_row_69f1db424702b\" class=\"cmsms_row cmsms_color_scheme_default\">\n<div class=\"cmsms_row_outer_parent\">\n<div class=\"cmsms_row_outer\">\n<div class=\"cmsms_row_inner\">\n<div class=\"cmsms_row_margin\">\n<div class=\"cmsms_column one_first\">\n\n<div class=\"cmsms_clients_grid_wrap\">\n<div id=\"cmsms_clients_69f1db4247076\" class=\"cmsms_clients_grid clients_five\">\n<div class=\"cmsms_clients_items slides\">\n<\/div>\n<\/div>\n<\/div>\n<\/div>\n<\/div>\n<\/div>\n<\/div>\n<\/div>\n<\/div>\n<div id=\"cmsms_row_69f1db42470b3\" class=\"cmsms_row cmsms_color_scheme_default\">\n<div class=\"cmsms_row_outer_parent\">\n<div class=\"cmsms_row_outer\">\n<div class=\"cmsms_row_inner\">\n<div class=\"cmsms_row_margin\">\n<div class=\"cmsms_column one_first\">\n<div class=\"cmsms_audio\">\n<\/div>\n<\/div>\n<\/div>\n<\/div>\n<\/div>\n<\/div>\n<\/div>\n<div id=\"cmsms_row_69f1db4247654\" class=\"cmsms_row cmsms_color_scheme_default\">\n<div class=\"cmsms_row_outer_parent\">\n<div class=\"cmsms_row_outer\">\n<div class=\"cmsms_row_inner\">\n<div class=\"cmsms_row_margin\">\n<div class=\"cmsms_column one_first\">\n<div id=\"cmsms_notice_69f1db42476c9\" class=\"cmsms_notice cmsms_notice_success cmsms-icon-check-2\">\n<a href=\"#\" class=\"notice_close cmsms-icon-cancel-3\"><\/a><div class=\"notice_icon\"><\/div>\n<div class=\"notice_content\">\n<p>Click here to change this text<\/p>\n<\/div>\n<\/div>\n<\/div>\n<\/div>\n<\/div>\n<\/div>\n<\/div>\n<\/div>\n\n","protected":false},"excerpt":{"rendered":"","protected":false},"author":5,"featured_media":21342,"comment_status":"closed","ping_status":"closed","sticky":false,"template":"","format":"standard","meta":{"footnotes":""},"categories":[18],"tags":[],"class_list":["post-21466","post","type-post","status-publish","format-standard","has-post-thumbnail","hentry","category-aktualnosci"],"_links":{"self":[{"href":"https:\/\/lcpr.pl\/zg\/wp-json\/wp\/v2\/posts\/21466","targetHints":{"allow":["GET"]}}],"collection":[{"href":"https:\/\/lcpr.pl\/zg\/wp-json\/wp\/v2\/posts"}],"about":[{"href":"https:\/\/lcpr.pl\/zg\/wp-json\/wp\/v2\/types\/post"}],"author":[{"embeddable":true,"href":"https:\/\/lcpr.pl\/zg\/wp-json\/wp\/v2\/users\/5"}],"replies":[{"embeddable":true,"href":"https:\/\/lcpr.pl\/zg\/wp-json\/wp\/v2\/comments?post=21466"}],"version-history":[{"count":4,"href":"https:\/\/lcpr.pl\/zg\/wp-json\/wp\/v2\/posts\/21466\/revisions"}],"predecessor-version":[{"id":21473,"href":"https:\/\/lcpr.pl\/zg\/wp-json\/wp\/v2\/posts\/21466\/revisions\/21473"}],"wp:featuredmedia":[{"embeddable":true,"href":"https:\/\/lcpr.pl\/zg\/wp-json\/wp\/v2\/media\/21342"}],"wp:attachment":[{"href":"https:\/\/lcpr.pl\/zg\/wp-json\/wp\/v2\/media?parent=21466"}],"wp:term":[{"taxonomy":"category","embeddable":true,"href":"https:\/\/lcpr.pl\/zg\/wp-json\/wp\/v2\/categories?post=21466"},{"taxonomy":"post_tag","embeddable":true,"href":"https:\/\/lcpr.pl\/zg\/wp-json\/wp\/v2\/tags?post=21466"}],"curies":[{"name":"wp","href":"https:\/\/api.w.org\/{rel}","templated":true}]}}