{"id":20930,"date":"2026-03-30T10:40:29","date_gmt":"2026-03-30T08:40:29","guid":{"rendered":"https:\/\/lcpr.pl\/zg\/?p=20930"},"modified":"2026-03-30T17:02:05","modified_gmt":"2026-03-30T15:02:05","slug":"szkolenie-2026-04","status":"publish","type":"post","link":"https:\/\/lcpr.pl\/zg\/2026\/03\/30\/szkolenie-2026-04\/","title":{"rendered":"Szkolenie &#8222;Jak lepiej filmowa\u0107 i fotografowa\u0107 swoim smartfonem?&#8221;"},"content":{"rendered":"<style type=\"text\/css\"><\/style><h2 style=\"text-align: center;\"><strong><span style=\"color: #ff0000;\">NAB\u00d3R ZAMKNI\u0118TY! DZI\u0118KUJEMY ZA ZAINTERESOWANIE!<\/span><\/strong><\/h2>\n<h2><strong>Producenci!!!<br \/>\n<\/strong><strong>Og\u0142aszamy nab\u00f3r na trzecie bezp\u0142atne szkolenie w ramach naszej AKADEMII PRODUCENTA w 2026 roku.<\/strong><\/h2>\n<p><span style=\"color: #ffffff;\">.<\/span><br \/>\nCzym jest <strong>Akademia Producenta<\/strong>?<\/p>\n<p>To cykl bezp\u0142atnych szkole\u0144, organizowanych przez\u00a0<a href=\"https:\/\/www.facebook.com\/lcprzg?__cft__[0]=AZVdN15H2OReNJchwL3c4kYTkUu5fGxs9i5DkfNDD31RDNxy63WAEjxyMeg1TPGXTfE3FY3ovpqVEh7jsP47FrNVN6gzdnayIYvlOWx_89yE5WUGoQFff7g_z8EDFNXo72Vo9ib8OWiWIGDx3QQeKbSRNw08bYIDrMLbBlxIdG85rdQ8txBhE8NfR9Z0_U-8HHA&amp;__tn__=-]K-R\">Lubuskie Centrum Produktu Regionalnego<\/a> przeznaczonych <strong>dla Producent\u00f3w wytwarzaj\u0105cych produkty regionalne na terenie wojew\u00f3dztwa lubuskiego<\/strong>.<\/p>\n<h3 style=\"text-align: center;\"><del>\u00a0 \u00a0 \u00a0 \u00a0 \u00a0 \u00a0 \u00a0 \u00a0 \u00a0 \u00a0 \u00a0 \u00a0 \u00a0 \u00a0 \u00a0 \u00a0 \u00a0 \u00a0 \u00a0 \u00a0 \u00a0 \u00a0 \u00a0 \u00a0 \u00a0 \u00a0 \u00a0 \u00a0 \u00a0 \u00a0 \u00a0 \u00a0 \u00a0 \u00a0 \u00a0 \u00a0 \u00a0 \u00a0 \u00a0 \u00a0 \u00a0 \u00a0 \u00a0 \u00a0 \u00a0 \u00a0 \u00a0 \u00a0 \u00a0 \u00a0 \u00a0 \u00a0 \u00a0\u00a0<\/del><\/h3>\n<h2>Temat: \u201e<strong>Jak lepiej filmowa\u0107 i fotografowa\u0107 swoim smartfonem?<\/strong>\u201d<\/h2>\n<h3><img loading=\"lazy\" decoding=\"async\" src=\"https:\/\/static.xx.fbcdn.net\/images\/emoji.php\/v9\/tba\/1.5\/16\/2705.png\" alt=\"\u2705\" width=\"16\" height=\"16\" \/> III termin: <strong>9 kwietnia 2026 r. (czwartek) w godz. 09.00 \u2013 15.00 (6 godzin zegarowych)<br \/>\n<\/strong><img loading=\"lazy\" decoding=\"async\" src=\"https:\/\/static.xx.fbcdn.net\/images\/emoji.php\/v9\/tba\/1.5\/16\/2705.png\" alt=\"\u2705\" width=\"16\" height=\"16\" \/> Miejsce:\u00a0<strong>Grape Town Hotel, al. Wojska Polskiego 79, 65-762 Zielona G\u00f3ra<\/strong><\/h3>\n<h3 style=\"text-align: center;\"><del>\u00a0 \u00a0 \u00a0 \u00a0 \u00a0 \u00a0 \u00a0 \u00a0 \u00a0 \u00a0 \u00a0 \u00a0 \u00a0 \u00a0 \u00a0 \u00a0 \u00a0 \u00a0 \u00a0 \u00a0 \u00a0 \u00a0 \u00a0 \u00a0 \u00a0 \u00a0 \u00a0 \u00a0 \u00a0 \u00a0 \u00a0 \u00a0 \u00a0 \u00a0 \u00a0 \u00a0 \u00a0 \u00a0 \u00a0 \u00a0 \u00a0 \u00a0 \u00a0 \u00a0 \u00a0 \u00a0 \u00a0 \u00a0 \u00a0 \u00a0 \u00a0 \u00a0 \u00a0\u00a0<\/del><\/h3>\n<p>&nbsp;<\/p>\n<h4><strong>Prowadz\u0105cy szkolenie &#8211; Szymon Wasyl\u00f3w &#8211; w\u0142a\u015bciciel <\/strong><a href=\"https:\/\/www.facebook.com\/REDfilmproduction\/\"><strong>RED FILM Production<\/strong><\/a><\/h4>\n<p><strong>Szymon Wasyl\u00f3w<\/strong> \u2013 filmowiec i dokumentalista z ponad 15-letnim do\u015bwiadczeniem w produkcji filmowej. Autor nagradzanego filmu dokumentalnego \u201eIle wa\u017cy krzy\u017c?\u201d. Stypendysta programu &#8222;Kultura w Sieci&#8221; oraz\u00a0Laureat Stypendium Artystycznego Marsza\u0142ka Wojew\u00f3dztwa Dolno\u015bl\u0105skiego. Na co dzie\u0144 realizuje filmy dokumentalne, reporta\u017ce oraz produkcje promocyjne w ramach studia RED Film Production.<\/p>\n<p>Wsp\u00f3\u0142pracowa\u0142 przy projektach filmowych dla du\u017cych marek, takich jak Allegro, IKEA czy Polpharma. Tworzy\u0142 r\u00f3wnie\u017c materia\u0142y wideo dla artyst\u00f3w, m.in. Ka\u015bki Sochackiej oraz zespo\u0142u Happysad. W swojej pracy \u0142\u0105czy wra\u017cliwo\u015b\u0107 dokumentalisty z do\u015bwiadczeniem operatorskim i narracyjnym, koncentruj\u0105c si\u0119 na autentycznych historiach i silnym obrazie.<\/p>\n<h2><strong>PROGRAM SZKOLENIA:<\/strong><\/h2>\n<ol>\n<li>Wst\u0119p &#8211; sprawy organizacyjne, przedstawienie planu warsztat\u00f3w oraz ich celu.<\/li>\n<li>Przedstawienie si\u0119 uczestnik\u00f3w i kr\u00f3tka dyskusja o wyzwaniach i trudno\u015bciach jakie napotykaj\u0105 uczestnicy w tworzeniu tre\u015bci foto\/wideo.<\/li>\n<li>Si\u0142a wideo i zdj\u0119\u0107 w komunikacji i sprzeda\u017cy poprzez social media &#8211; dlaczego warto polepsza\u0107 sw\u00f3j warsztat?<\/li>\n<li>Jak budowa\u0107 zaanga\u017cowanie poprzez wideo? Jak utrzyma\u0107 uwag\u0119 widza i si\u0119 wyr\u00f3\u017cni\u0107?<\/li>\n<li>Podstawy wizualnego storytellingu.<\/li>\n<li>Pierwsze 3 sekundy &#8211; pomys\u0142y na zatrzymanie scrolluj\u0105cego widza przy sobie.<\/li>\n<li>Z\u0142ote podstawy filmowania i fotografowania (wsp\u00f3lne dla obu dziedzin) &#8211; kompozycja kadru, tr\u00f3jpodzia\u0142, linie wiod\u0105ce, symetria, plany filmowe i wiele innych.<\/li>\n<li>\u015awiat\u0142o &#8211; prawdziwy gamechanger &#8211; jak wykorzysta\u0107 naturalne dzienne \u015bwiat\u0142o oraz przedmioty codziennego u\u017cytku, aby lepiej o\u015bwietli\u0107 produkty?<\/li>\n<li>D\u017awi\u0119k &#8211; jak unikn\u0105\u0107 podstawowych b\u0142\u0119d\u00f3w i nie straci\u0107 odbiorc\u00f3w z powodu s\u0142abego d\u017awi\u0119ku.<\/li>\n<li>PRZERWA KAWOWA<\/li>\n<li>Odkryjmy funkcje naszych smartfon\u00f3w &#8211; om\u00f3wienie parametr\u00f3w filmowania i fotografowania w smartfonach uczestnik\u00f3w, w\u0142\u0105czenie ukrytych opcji, ustawienie odpowiednich parametr\u00f3w.<\/li>\n<li>Techniki i tricki &#8211; slow motion, timelapse itp.<\/li>\n<li>Om\u00f3wienie \u015bci\u0105gi z ustawieniami dla uczestnik\u00f3w.<\/li>\n<li>Om\u00f3wienie aplikacji, kt\u00f3ra pozwala wycisn\u0105\u0107 jeszcze wi\u0119cej z aparatu w smartfonie (uczestnicy b\u0119d\u0105 mogli j\u0105 pobra\u0107 za darmo, je\u015bli b\u0119d\u0105 chcieli)<\/li>\n<li>Seria \u0142atwych do zapami\u0119tania wskaz\u00f3wek &#8211; pomys\u0142y na ciekawe uj\u0119cia, przej\u015bcia i ruchy kamery przy filmowaniu.<\/li>\n<li>Om\u00f3wienie darmowych aplikacji do montowania film\u00f3w na smartfonie.<\/li>\n<li>PRZERWA KAWOWA<\/li>\n<li>\u0106wiczenie praktyczne 1 &#8211; na podstawie przyniesionych produkt\u00f3w regionalnych pr\u00f3bujemy wykona\u0107 poprawne zdj\u0119cia bazuj\u0105c na om\u00f3wionych na szkoleniu zasadach i wskaz\u00f3wkach &#8211; om\u00f3wienie zdj\u0119\u0107 uczestnik\u00f3w.<\/li>\n<li>\u0106wiczenie praktyczne 2 &#8211; na podstawie przyniesionych produkt\u00f3w regionalnych pr\u00f3bujemy wykona\u0107 kr\u00f3tk\u0105 rolk\u0119, z\u0142o\u017con\u0105 z 3-6 uj\u0119\u0107 &#8211; om\u00f3wienie film\u00f3w uczestnik\u00f3w.<\/li>\n<li>B\u0105d\u017amy jeszcze lepsi &#8211; dodatkowy sprz\u0119t do filmowania smartfonem, kt\u00f3ry warto rozwa\u017cy\u0107 (mikrofony, gimbale, lampy, uchwyty &#8211; konkretne produkty wraz z cenami.<\/li>\n<li>Otwarta dyskusja &#8211; pytania i odpowiedzi, om\u00f3wienie konkretnych trudno\u015bci z jakimi borykaj\u0105 si\u0119 uczestnicy<\/li>\n<li>Troch\u0119 inspiracji na koniec &#8211; ciekawe profile warte obserwowania (skupiaj\u0105ce si\u0119 na produktach regionalnych i pokrewnych)<\/li>\n<li>Rozdanie certyfikat\u00f3w i zako\u0144czenie warsztat\u00f3w<\/li>\n<\/ol>\n<p><!--more--><\/p>\n<p><strong>UWAGA!<\/strong><\/p>\n<p><img loading=\"lazy\" decoding=\"async\" src=\"https:\/\/static.xx.fbcdn.net\/images\/emoji.php\/v9\/td7\/1.5\/16\/2757.png\" alt=\"\u2757\ufe0f\" width=\"16\" height=\"16\" \/>\u00a0<strong>W szkoleniu udzia\u0142 mog\u0105 wzi\u0105\u0107 tylko osoby zarejestrowane w bazie producent\u00f3w<\/strong>\u00a0<a href=\"https:\/\/www.facebook.com\/lcprzg?__cft__[0]=AZVdN15H2OReNJchwL3c4kYTkUu5fGxs9i5DkfNDD31RDNxy63WAEjxyMeg1TPGXTfE3FY3ovpqVEh7jsP47FrNVN6gzdnayIYvlOWx_89yE5WUGoQFff7g_z8EDFNXo72Vo9ib8OWiWIGDx3QQeKbSRNw08bYIDrMLbBlxIdG85rdQ8txBhE8NfR9Z0_U-8HHA&amp;__tn__=-]K-R\"><strong>Lubuskie Centrum Produktu Regionalnego<\/strong><\/a><\/p>\n<p><strong>Nie ma Ci\u0119? Nic straconego!<\/strong><\/p>\n<p><strong>Do\u0142\u0105cz: <a href=\"https:\/\/lcpr.pl\/zg\/ankieta\/\" target=\"_blank\" rel=\"noopener\">www.lcpr.pl\/zg\/ankieta\/<\/a><\/strong><\/p>\n<p>&nbsp;<\/p>\n<p><img loading=\"lazy\" decoding=\"async\" src=\"https:\/\/static.xx.fbcdn.net\/images\/emoji.php\/v9\/t3b\/1.5\/16\/2b50.png\" alt=\"\u2b50\" width=\"16\" height=\"16\" \/> W razie pyta\u0144, w\u0105tpliwo\u015bci, prosimy o kontakt pod adresem e-mail: sekretariat@lcpr.pl<\/p>\n<p><a href=\"https:\/\/www.facebook.com\/hashtag\/akademiaproducenta?__eep__=6&amp;__cft__[0]=AZVdN15H2OReNJchwL3c4kYTkUu5fGxs9i5DkfNDD31RDNxy63WAEjxyMeg1TPGXTfE3FY3ovpqVEh7jsP47FrNVN6gzdnayIYvlOWx_89yE5WUGoQFff7g_z8EDFNXo72Vo9ib8OWiWIGDx3QQeKbSRNw08bYIDrMLbBlxIdG85rdQ8txBhE8NfR9Z0_U-8HHA&amp;__tn__=*NK-R\">#akademiaproducenta <\/a><a href=\"https:\/\/www.facebook.com\/hashtag\/lubuskie?__eep__=6&amp;__cft__[0]=AZVdN15H2OReNJchwL3c4kYTkUu5fGxs9i5DkfNDD31RDNxy63WAEjxyMeg1TPGXTfE3FY3ovpqVEh7jsP47FrNVN6gzdnayIYvlOWx_89yE5WUGoQFff7g_z8EDFNXo72Vo9ib8OWiWIGDx3QQeKbSRNw08bYIDrMLbBlxIdG85rdQ8txBhE8NfR9Z0_U-8HHA&amp;__tn__=*NK-R\">#lubuskie <\/a><a href=\"https:\/\/www.facebook.com\/hashtag\/lubuscyproducenci?__eep__=6&amp;__cft__[0]=AZVdN15H2OReNJchwL3c4kYTkUu5fGxs9i5DkfNDD31RDNxy63WAEjxyMeg1TPGXTfE3FY3ovpqVEh7jsP47FrNVN6gzdnayIYvlOWx_89yE5WUGoQFff7g_z8EDFNXo72Vo9ib8OWiWIGDx3QQeKbSRNw08bYIDrMLbBlxIdG85rdQ8txBhE8NfR9Z0_U-8HHA&amp;__tn__=*NK-R\">#lubuscyproducenci <\/a><a href=\"https:\/\/www.facebook.com\/hashtag\/szkolenie?__eep__=6&amp;__cft__[0]=AZVdN15H2OReNJchwL3c4kYTkUu5fGxs9i5DkfNDD31RDNxy63WAEjxyMeg1TPGXTfE3FY3ovpqVEh7jsP47FrNVN6gzdnayIYvlOWx_89yE5WUGoQFff7g_z8EDFNXo72Vo9ib8OWiWIGDx3QQeKbSRNw08bYIDrMLbBlxIdG85rdQ8txBhE8NfR9Z0_U-8HHA&amp;__tn__=*NK-R\">#szkolenie <\/a><a href=\"https:\/\/www.facebook.com\/hashtag\/szkolenielubuskie?__eep__=6&amp;__cft__[0]=AZVdN15H2OReNJchwL3c4kYTkUu5fGxs9i5DkfNDD31RDNxy63WAEjxyMeg1TPGXTfE3FY3ovpqVEh7jsP47FrNVN6gzdnayIYvlOWx_89yE5WUGoQFff7g_z8EDFNXo72Vo9ib8OWiWIGDx3QQeKbSRNw08bYIDrMLbBlxIdG85rdQ8txBhE8NfR9Z0_U-8HHA&amp;__tn__=*NK-R\">#szkolenielubuskie<\/a><\/p>\n<p>&nbsp;<\/p>\n<h2 style=\"text-align: center;\"><span style=\"color: #ff0000;\"><strong>NAB\u00d3R ZAMKNI\u0118TY! DZI\u0118KUJEMY ZA ZAINTERESOWANIE!<\/strong><\/span><\/h2>\n<hr style=\"height: 1px; border-width: 0; color: gray; background-color: gray;\" \/>\n<h2><\/h2>\n","protected":false},"excerpt":{"rendered":"<p>Producenci! Og\u0142aszamy nab\u00f3r na bezp\u0142atne szkolenia w ramach Akademii Producenta: &#8222;Jak lepiej filmowa\u0107 i fotografowa\u0107 swoim smartfonem?\u201d. Szkolenie odb\u0119d\u0105 si\u0119 w Zielonej G\u00f3rze.<\/p>\n","protected":false},"author":4,"featured_media":20651,"comment_status":"open","ping_status":"closed","sticky":false,"template":"","format":"standard","meta":{"footnotes":""},"categories":[18,55],"tags":[],"class_list":["post-20930","post","type-post","status-publish","format-standard","has-post-thumbnail","hentry","category-aktualnosci","category-szkolenia"],"_links":{"self":[{"href":"https:\/\/lcpr.pl\/zg\/wp-json\/wp\/v2\/posts\/20930","targetHints":{"allow":["GET"]}}],"collection":[{"href":"https:\/\/lcpr.pl\/zg\/wp-json\/wp\/v2\/posts"}],"about":[{"href":"https:\/\/lcpr.pl\/zg\/wp-json\/wp\/v2\/types\/post"}],"author":[{"embeddable":true,"href":"https:\/\/lcpr.pl\/zg\/wp-json\/wp\/v2\/users\/4"}],"replies":[{"embeddable":true,"href":"https:\/\/lcpr.pl\/zg\/wp-json\/wp\/v2\/comments?post=20930"}],"version-history":[{"count":14,"href":"https:\/\/lcpr.pl\/zg\/wp-json\/wp\/v2\/posts\/20930\/revisions"}],"predecessor-version":[{"id":20967,"href":"https:\/\/lcpr.pl\/zg\/wp-json\/wp\/v2\/posts\/20930\/revisions\/20967"}],"wp:featuredmedia":[{"embeddable":true,"href":"https:\/\/lcpr.pl\/zg\/wp-json\/wp\/v2\/media\/20651"}],"wp:attachment":[{"href":"https:\/\/lcpr.pl\/zg\/wp-json\/wp\/v2\/media?parent=20930"}],"wp:term":[{"taxonomy":"category","embeddable":true,"href":"https:\/\/lcpr.pl\/zg\/wp-json\/wp\/v2\/categories?post=20930"},{"taxonomy":"post_tag","embeddable":true,"href":"https:\/\/lcpr.pl\/zg\/wp-json\/wp\/v2\/tags?post=20930"}],"curies":[{"name":"wp","href":"https:\/\/api.w.org\/{rel}","templated":true}]}}