{"id":16243,"date":"2025-07-14T15:25:34","date_gmt":"2025-07-14T13:25:34","guid":{"rendered":"https:\/\/lcpr.pl\/zg\/?p=16243"},"modified":"2026-04-13T17:37:26","modified_gmt":"2026-04-13T15:37:26","slug":"spacer-6-lubuski-stol","status":"publish","type":"post","link":"https:\/\/lcpr.pl\/zg\/2025\/07\/14\/spacer-6-lubuski-stol\/","title":{"rendered":"Spacer #6 &#8211; Lubuski St\u00f3\u0142"},"content":{"rendered":"<style type=\"text\/css\"><\/style><div id=\"cmsms_row_69f17d1ccadc8\" class=\"cmsms_row cmsms_color_scheme_default\">\n<div class=\"cmsms_row_outer_parent\">\n<div class=\"cmsms_row_outer\">\n<div class=\"cmsms_row_inner\">\n<div class=\"cmsms_row_margin\">\n<div class=\"cmsms_column one_first\">\n<div class=\"cmsms_text blog-content\">\n<p><strong>Spacer #6 &#8211; Lubuski st\u00f3\u0142<\/strong><\/p>\n<p><strong><br \/><\/strong><strong>Termin: 20.07.2025 10:00 &#8211; 18:00<\/strong><\/p>\n<p><strong>Miejsce zbi\u00f3rki: Zielona G\u00f3ra (szczeg\u00f3\u0142owe informacje dotycz\u0105ce miejsca zbi\u00f3rki Organizator przeka\u017ce Uczestnikom w wiadomo\u015bci smsowej)<\/strong><\/p>\n<p><strong>Producenci, do kt\u00f3rych zostanie zorganizowany spacer: Pa\u0142ac w Solnikach, Winnica Kinga, Go\u015bciniec u Dec\u00f3w<\/strong><\/p>\n<p><strong>Czas trwania spaceru: oko\u0142o 8h<\/strong><\/p>\n<p><strong>Transport do poszczeg\u00f3lnych miejsc spaceru jest po stronie Organizatora.<\/strong><\/p>\n<p><strong>KA\u017bDY UCZESTNIK SPACER\u00d3W ZOBOWI\u0104ZUJE SI\u0118 DOTRZE\u0106 DO MIEJSCA ZBI\u00d3RKI WE W\u0141ASNYM ZAKRESIE<\/strong><\/p>\n<p>Zapraszamy serdecznie do wzi\u0119cia udzia\u0142u w naborze na Spacer do producent\u00f3w regionalnych na szlak turystyczno &#8211; kulinarny, stworzony w ramach projektu ,,Rarytas Lubuski w podr\u00f3\u017cy&#8221; &#8211; Lubuski st\u00f3\u0142<\/p>\n<p>Wsp\u00f3lnie odwiedzimy Pa\u0142ac w Solnikach, Winnic\u0119 Kinga oraz specjalizuj\u0105cy si\u0119 w daniach z dziczyzny Go\u015bciniec u Dec\u00f3w<\/p>\n<p>W ramach spaceru:<br \/>\u2013 poznacie bli\u017cej producent\u00f3w,<br \/>\u2013 dowiecie si\u0119 wi\u0119cej jak i gdzie wytwarzane s\u0105 produkty regionalne, kt\u00f3re wytwarzaj\u0105 odwiedzani producenci,<br \/>\u2013 skosztujecie ich produkt\u00f3w,<br \/>\u2013 poznacie wspania\u0142\u0105 okolic\u0119 dzia\u0142alno\u015bci producent\u00f3w,<br \/>\u2013 otrzymacie zestaw materia\u0142\u00f3w od LCPR,<\/p>\n<p><strong>Jak wzi\u0105\u0107 udzia\u0142 w Spacerach do producent\u00f3w regionalnych?<\/strong><\/p>\n<p><strong>Udzia\u0142 w spacerach, a tak\u017ce degustacja podczas wydarzenia jest ca\u0142kowicie bezp\u0142atna! <\/strong><\/p>\n<p><strong>W spacerach mo\u017ce wzi\u0105\u0107 udzia\u0142 ka\u017cda osoba pe\u0142noletnia, kt\u00f3ra wype\u0142ni formularz zg\u0142oszeniowy, znajduj\u0105cy si\u0119 w opisie danego spaceru. Osoby niepe\u0142noletnie, osoby towarzysz\u0105ce, a tak\u017ce uczestnicy, kt\u00f3rzy nie wype\u0142nili formularza zg\u0142oszeniowego nie mog\u0105 wzi\u0105\u0107 udzia\u0142u w wydarzeniu. Na spacery obowi\u0105zuje limitowana ilo\u015b\u0107 miejsc.<\/strong><\/p>\n<p><strong>W\u015br\u00f3d os\u00f3b, kt\u00f3re wype\u0142ni\u0105 formularz zg\u0142oszeniowy LCPR wy\u0142oni osoby, kt\u00f3re udzieli\u0142y najciekawszej odpowiedzi na pytanie: Dlaczego chce Pan\/Pani wzi\u0105\u0107 udzia\u0142 w spacerze?\u00a0<\/strong><\/p>\n<p><strong>O zakwalifikowaniu si\u0119 uczestnika do udzia\u0142u w spacerach poinformuj\u0105 pracownicy LCPR drog\u0105 smsow\u0105.<br \/>Na ka\u017cdego uczestnika bior\u0105cego udzia\u0142 w spacerze niezb\u0119dne jest wype\u0142nienie osobnego formularza zg\u0142oszeniowego.<\/strong><\/p>\n<p>&nbsp;<\/p>\n<p><strong>Pa\u0142ac Solniki \u2013 kr\u00f3lestwo jab\u0142ek i smak\u00f3w rodzinnej tradycji<\/strong><\/p>\n<p><img decoding=\"async\" class=\"emoji\" role=\"img\" draggable=\"false\" src=\"https:\/\/s.w.org\/images\/core\/emoji\/16.0.1\/svg\/2714.svg\" alt=\"\u2714\" \/> \u015aniadanie na s\u0142odko z lokalnych produkt\u00f3w \u2013 konfitur, miodu i wypiek\u00f3w<\/p>\n<p><img decoding=\"async\" class=\"emoji\" role=\"img\" draggable=\"false\" src=\"https:\/\/s.w.org\/images\/core\/emoji\/16.0.1\/svg\/2714.svg\" alt=\"\u2714\" \/> Degustacja t\u0142oczonych sok\u00f3w, kt\u00f3re uzyska\u0142y wpis na list\u0119 produkt\u00f3w tradycyjnych<\/p>\n<p><img decoding=\"async\" class=\"emoji\" role=\"img\" draggable=\"false\" src=\"https:\/\/s.w.org\/images\/core\/emoji\/16.0.1\/svg\/2714.svg\" alt=\"\u2714\" \/> Spacer po zabytkowym parku i oran\u017cerii, poznanie legend zwi\u0105zanych z pa\u0142acem<\/p>\n<p><img decoding=\"async\" class=\"emoji\" role=\"img\" draggable=\"false\" src=\"https:\/\/s.w.org\/images\/core\/emoji\/16.0.1\/svg\/2714.svg\" alt=\"\u2714\" \/> Mo\u017cliwo\u015b\u0107 zakupu lokalnych produkt\u00f3w w pa\u0142acowym sklepiku<\/p>\n<p>Ka\u017cdy k\u0119s i \u0142yk w Solnikach to smak Lubuskiego zamkni\u0119ty w naturalnych, najwy\u017cszej jako\u015bci produktach.<\/p>\n<p>_____________________________________<\/p>\n<p><strong>Winnica Kinga \u2013 magia winnego ogrodu<\/strong>\u00a0(czas: 2h)<\/p>\n<p>Podczas wizyty w winnicy czeka na Ciebie:<\/p>\n<p><img decoding=\"async\" class=\"emoji\" role=\"img\" draggable=\"false\" src=\"https:\/\/s.w.org\/images\/core\/emoji\/16.0.1\/svg\/2714.svg\" alt=\"\u2714\" \/> Spacer po winnym ogrodzie, gdzie poznasz histori\u0119 i tajniki uprawy winoro\u015bli<\/p>\n<p><img decoding=\"async\" class=\"emoji\" role=\"img\" draggable=\"false\" src=\"https:\/\/s.w.org\/images\/core\/emoji\/16.0.1\/svg\/2714.svg\" alt=\"\u2714\" \/> Degustacja nagradzanych win w towarzystwie starannie dobranych przek\u0105sek<\/p>\n<p><img decoding=\"async\" class=\"emoji\" role=\"img\" draggable=\"false\" src=\"https:\/\/s.w.org\/images\/core\/emoji\/16.0.1\/svg\/2714.svg\" alt=\"\u2714\" \/> Mo\u017cliwo\u015b\u0107 zakupu win i przetwor\u00f3w na bazie winoro\u015bli, wpisanych na list\u0119 produkt\u00f3w tradycyjnych<\/p>\n<p>To nie tylko degustacja \u2013 to spotkanie z histori\u0105, pasj\u0105 i kultur\u0105 winiarsk\u0105, kt\u00f3re na d\u0142ugo pozostanie w Twojej pami\u0119ci.<\/p>\n<p>________________________________________<\/p>\n<p><strong>Go\u015bciniec u Dec\u00f3w \u2013 uczta dla mi\u0142o\u015bnik\u00f3w dziczyzny<\/strong><\/p>\n<p><img decoding=\"async\" class=\"emoji\" role=\"img\" draggable=\"false\" src=\"https:\/\/s.w.org\/images\/core\/emoji\/16.0.1\/svg\/2714.svg\" alt=\"\u2714\" \/> Starannie przygotowane dania my\u015bliwskie \u2013 aromatyczna piecze\u0144, gulasz z dziczyzny, domowe pasztety<\/p>\n<p><img decoding=\"async\" class=\"emoji\" role=\"img\" draggable=\"false\" src=\"https:\/\/s.w.org\/images\/core\/emoji\/16.0.1\/svg\/2714.svg\" alt=\"\u2714\" \/> Sezonowe dodatki podkre\u015blaj\u0105ce wyj\u0105tkowy smak mi\u0119sa<\/p>\n<p><img decoding=\"async\" class=\"emoji\" role=\"img\" draggable=\"false\" src=\"https:\/\/s.w.org\/images\/core\/emoji\/16.0.1\/svg\/2714.svg\" alt=\"\u2714\" \/> Ciep\u0142a, rodzinna atmosfera i opowie\u015bci o historii kuchni my\u015bliwskiej<\/p>\n<p><img decoding=\"async\" class=\"emoji\" role=\"img\" draggable=\"false\" src=\"https:\/\/s.w.org\/images\/core\/emoji\/16.0.1\/svg\/2714.svg\" alt=\"\u2714\" \/> Mo\u017cliwo\u015b\u0107 zam\u00f3wienia da\u0144 wegetaria\u0144skich (po wcze\u015bniejszym zg\u0142oszeniu)<\/p>\n<p>To kulinarne do\u015bwiadczenie, kt\u00f3re przenosi w g\u0142\u0105b lasu i pozwala odkry\u0107 smak natury w najlepszym wydaniu.<\/p>\n<\/p>\n<hr class=\"wp-block-separator has-alpha-channel-opacity\" \/>\n<h1 class=\"wp-elements-a70ca0b2d43de2791801185871734f0b\">\u00a0<\/h1>\n<p>&nbsp;<\/p>\n<\/p>\n<\/div>\n<\/div>\n<\/div>\n<\/div>\n<\/div>\n<\/div>\n<\/div>\n","protected":false},"excerpt":{"rendered":"<p>Termin: 20.07.2025 &#8211; 10:00 &#8211; 18:00<br \/>\nMiejsce: Solniki, Stara Wie\u015b, Karszyn<\/p>\n","protected":false},"author":6,"featured_media":16248,"comment_status":"closed","ping_status":"closed","sticky":false,"template":"","format":"standard","meta":{"footnotes":""},"categories":[75],"tags":[],"class_list":["post-16243","post","type-post","status-publish","format-standard","has-post-thumbnail","hentry","category-spacery-starsze"],"_links":{"self":[{"href":"https:\/\/lcpr.pl\/zg\/wp-json\/wp\/v2\/posts\/16243","targetHints":{"allow":["GET"]}}],"collection":[{"href":"https:\/\/lcpr.pl\/zg\/wp-json\/wp\/v2\/posts"}],"about":[{"href":"https:\/\/lcpr.pl\/zg\/wp-json\/wp\/v2\/types\/post"}],"author":[{"embeddable":true,"href":"https:\/\/lcpr.pl\/zg\/wp-json\/wp\/v2\/users\/6"}],"replies":[{"embeddable":true,"href":"https:\/\/lcpr.pl\/zg\/wp-json\/wp\/v2\/comments?post=16243"}],"version-history":[{"count":3,"href":"https:\/\/lcpr.pl\/zg\/wp-json\/wp\/v2\/posts\/16243\/revisions"}],"predecessor-version":[{"id":16280,"href":"https:\/\/lcpr.pl\/zg\/wp-json\/wp\/v2\/posts\/16243\/revisions\/16280"}],"wp:featuredmedia":[{"embeddable":true,"href":"https:\/\/lcpr.pl\/zg\/wp-json\/wp\/v2\/media\/16248"}],"wp:attachment":[{"href":"https:\/\/lcpr.pl\/zg\/wp-json\/wp\/v2\/media?parent=16243"}],"wp:term":[{"taxonomy":"category","embeddable":true,"href":"https:\/\/lcpr.pl\/zg\/wp-json\/wp\/v2\/categories?post=16243"},{"taxonomy":"post_tag","embeddable":true,"href":"https:\/\/lcpr.pl\/zg\/wp-json\/wp\/v2\/tags?post=16243"}],"curies":[{"name":"wp","href":"https:\/\/api.w.org\/{rel}","templated":true}]}}