{"id":15487,"date":"2025-06-13T13:25:38","date_gmt":"2025-06-13T11:25:38","guid":{"rendered":"https:\/\/lcpr.pl\/zg\/?p=15487"},"modified":"2025-07-07T10:04:35","modified_gmt":"2025-07-07T08:04:35","slug":"spacer-4-szlak-fresh-wine-soul-food-slow-life-zatrac-sie-w-lubuskim","status":"publish","type":"post","link":"https:\/\/lcpr.pl\/zg\/2025\/06\/13\/spacer-4-szlak-fresh-wine-soul-food-slow-life-zatrac-sie-w-lubuskim\/","title":{"rendered":"Spacer #4 &#8211; Szlak Fresh wine, soul food, slow life &#8211; zatra\u0107 si\u0119 w lubuskim"},"content":{"rendered":"<style type=\"text\/css\"><\/style><div id=\"cmsms_row_69f17d39ee725\" class=\"cmsms_row cmsms_color_scheme_default\">\n<div class=\"cmsms_row_outer_parent\">\n<div class=\"cmsms_row_outer\">\n<div class=\"cmsms_row_inner\">\n<div class=\"cmsms_row_margin\">\n<div class=\"cmsms_column one_first\">\n<div class=\"cmsms_text\">\n<p><strong>Spacer #4 &#8211; Szlak Fresh wine, soul food, slow life &#8211; zatra\u0107 si\u0119 w lubuskim<\/strong><\/p>\n<p><strong><br \/><\/strong><strong>Termin: 29.06.2025 12:00 &#8211; 18:00<\/strong><\/p>\n<p><strong>Miejsce zbi\u00f3rki: Zielona G\u00f3ra (szczeg\u00f3\u0142owe informacje dotycz\u0105ce miejsca zbi\u00f3rki Organizator przeka\u017ce Uczestnikom w wiadomo\u015bci smsowej)<\/strong><\/p>\n<p><strong>Producenci, do kt\u00f3rych zostanie zorganizowany spacer: Salcum &#8211; Fixum, Winnica pod Winn\u0105 G\u00f3r\u0105, Nasze Wolne \u017bycie<\/strong><\/p>\n<p><strong>Czas trwania spaceru: oko\u0142o 6 godzin<\/strong><\/p>\n<p><strong>Transport do poszczeg\u00f3lnych miejsc spaceru jest po stronie Organizatora.<\/strong><\/p>\n<p><strong>KA\u017bDY UCZESTNIK SPACER\u00d3W ZOBOWI\u0104ZUJE SI\u0118 DOTRZE\u0106 DO MIEJSCA ZBI\u00d3RKI WE W\u0141ASNYM ZAKRESIE<\/strong><\/p>\n<p>Zapraszamy serdecznie do wzi\u0119cia udzia\u0142u w naborze na Spacer do producent\u00f3w regionalnych na szlak turystyczno &#8211; kulinarny, stworzony w ramach projektu ,,Rarytas Lubuski w podr\u00f3\u017cy&#8221; &#8211; Fresh wine, soul food, slow life\u00a0 &#8211; zatra\u0107 si\u0119 w lubuskim&#8221;<\/p>\n<p>Wsp\u00f3lnie odwiedzimy producenta produkt\u00f3w mi\u0119snych Salcum-Fixum, Winnic\u0119 Pod Winn\u0105 G\u00f3r\u0105 oraz agroturystyk\u0119 Nasze Wolne \u017bycie.<\/p>\n<p>W ramach spaceru:<br \/>\u2013 poznacie bli\u017cej producent\u00f3w,<br \/>\u2013 dowiecie si\u0119 wi\u0119cej jak i gdzie wytwarzane s\u0105 produkty regionalne, kt\u00f3re wytwarzaj\u0105 odwiedzani producenci,<br \/>\u2013 skosztujecie ich produkt\u00f3w,<br \/>\u2013 poznacie wspania\u0142\u0105 okolic\u0119 Sulechowa, Cigacic i Pomorska,<br \/>\u2013 otrzymacie zestaw materia\u0142\u00f3w od LCPR,<\/p>\n<p><strong>Jak wzi\u0105\u0107 udzia\u0142 w Spacerach do producent\u00f3w regionalnych?<\/strong><\/p>\n<p><strong>Udzia\u0142 w spacerach, a tak\u017ce degustacja podczas wydarzenia jest ca\u0142kowicie bezp\u0142atna! <\/strong><\/p>\n<p><strong>W spacerach mo\u017ce wzi\u0105\u0107 udzia\u0142 ka\u017cda osoba pe\u0142noletnia, kt\u00f3ra wype\u0142ni formularz zg\u0142oszeniowy, znajduj\u0105cy si\u0119 w opisie danego spaceru. Osoby niepe\u0142noletnie, osoby towarzysz\u0105ce, a tak\u017ce uczestnicy, kt\u00f3rzy nie wype\u0142nili formularza zg\u0142oszeniowego nie mog\u0105 wzi\u0105\u0107 udzia\u0142u w wydarzeniu. Na spacery obowi\u0105zuje limitowana ilo\u015b\u0107 miejsc.<\/strong><\/p>\n<p><strong>W\u015br\u00f3d os\u00f3b, kt\u00f3re wype\u0142ni\u0105 formularz zg\u0142oszeniowy LCPR wy\u0142oni osoby, kt\u00f3re udzieli\u0142y najciekawszej odpowiedzi na pytanie: Dlaczego chce Pan\/Pani wzi\u0105\u0107 udzia\u0142 w spacerze?\u00a0<\/strong><\/p>\n<p><strong>O zakwalifikowaniu si\u0119 uczestnika do udzia\u0142u w spacerach poinformuj\u0105 pracownicy LCPR drog\u0105 smsow\u0105.<br \/>Na ka\u017cdego uczestnika bior\u0105cego udzia\u0142 w spacerze niezb\u0119dne jest wype\u0142nienie osobnego formularza zg\u0142oszeniowego.<\/strong><\/p>\n<p><strong>Salcum &#8211; Fixum<\/strong><\/p>\n<ul>\n<li>Salcum-Fixum powsta\u0142o z mi\u0142o\u015bci do prawdziwych i naturalnych w\u0119dlin<\/li>\n<li>Gospodarze zabior\u0105 Pa\u0144stwa w kulinarn\u0105 podr\u00f3\u017c \u015bladami lokalnych produkt\u00f3w<\/li>\n<li>Zasmakujecie tutaj w\u0119dlin z rodzinnej manufaktury oraz niebanalnych da\u0144, r\u00f3wnie\u017c tych przyrz\u0105dzanych na \u017cywym ogniu<\/li>\n<li>W trakcie obiadu degustacyjnego, sk\u0142adaj\u0105cego si\u0119 z kilku pozycji, gospodarze podziel\u0105 si\u0119 z Wami swoj\u0105 histori\u0105 oraz wiedz\u0105 na temat produkcji naturalnych w\u0119dlin. Obal\u0105 tak\u017ce kilka mit\u00f3w<\/li>\n<li>Ca\u0142o\u015b\u0107 zwie\u0144czona zostanie przepysznym deserem.<\/li>\n<\/ul>\n<p>&nbsp;<\/p>\n<p><strong>Winnica Pod Winn\u0105 G\u00f3r\u0105<\/strong><\/p>\n<ul>\n<li>Winnica powsta\u0142a z mi\u0142o\u015bci do wina i z ch\u0119ci odtwarzania winiarskiej tradycji regionu<\/li>\n<li>Podczas wizyty, gospodarze zabior\u0105 Was w \u015awiat wina, w kt\u00f3rym skosztujecie wina oraz troch\u0119 lokalnych specja\u0142\u00f3w<\/li>\n<li>Podczas spotkania gospodarze podziel\u0105 si\u0119 wiedz\u0105 winiarsk\u0105, opowiedz\u0105 jak prowadzi\u0107 winnic\u0119, jak przebiega ca\u0142y proces winifikacji<\/li>\n<li>Gospodarze zabior\u0105 Pa\u0144stwa na spacer historyczny po dawnym wzg\u00f3rzu winnym (Cigacice\/G\u00f3rki Ma\u0142e). B\u0119dzie to w\u0119dr\u00f3wka \u015bladami dawnego winiarstwa \u2013 b\u0119dziecie odkrywa\u0107 pi\u0119kne widoki na Odr\u0119, panoram\u0119 wzg\u00f3rz zielonog\u00f3rskich oraz stare przedwojenne nasadzenia winoro\u015bl.<\/li>\n<\/ul>\n<p>&nbsp;<\/p>\n<p><strong>Nasze Wolne \u017bycie<\/strong><\/p>\n<ul>\n<li>To fundacja, kt\u00f3ra powsta\u0142a po to, aby przywo\u0142a\u0107 urok tradycji i \u017cycia bez po\u015bpiechu, to propozycja rozwoju, edukacji, zabawy, zdrowego jedzenia, ale te\u017c spacery i odpoczynek, wyciszenie i reset w naturalnym otoczeniu<\/li>\n<li>W cudownym poniemieckim domu z dusz\u0105 odpoczniecie Pa\u0144stwo na \u0142onie natury po pe\u0142nym atrakcji dniu, z\u0142apiecie g\u0142\u0119boki oddech<\/li>\n<li>Drewniane wiaty z zielonymi dachami i du\u017cy ogr\u00f3d zach\u0119caj\u0105 do drzemki i le\u017cakowania<\/li>\n<li>Czas umil\u0105 Wam gospodarze, opowiedz\u0105 o sobie, o swojej historii<\/li>\n<li>Na miejscu zjecie Pa\u0144stwo autorsk\u0105 dania, w\u0142asnor\u0119cznie przyrz\u0105dzone przez gospodarzy.<\/li>\n<\/ul>\n<hr class=\"wp-block-separator has-alpha-channel-opacity\" \/>\n<h1 class=\"wp-elements-a7d57c589f3e4afa6f06e0d96717c8d8\"><span style=\"color: #ff0000;\">NAB\u00d3R NA SPACER ZOSTA\u0141 ZAKO\u0143CZONY!<\/span><\/h1>\n<p>&nbsp;<\/p>\n<\/p>\n<\/div>\n<\/div>\n<\/div>\n<\/div>\n<\/div>\n<\/div>\n<\/div>\n","protected":false},"excerpt":{"rendered":"<p>Termin: 29.06.2025 12:00 &#8211; 18:00<br \/>\nMiejsce: Sulech\u00f3w, Cigacice, Pomorsko<\/p>\n","protected":false},"author":6,"featured_media":14722,"comment_status":"closed","ping_status":"closed","sticky":false,"template":"","format":"standard","meta":{"footnotes":""},"categories":[75],"tags":[],"class_list":["post-15487","post","type-post","status-publish","format-standard","has-post-thumbnail","hentry","category-spacery-starsze"],"_links":{"self":[{"href":"https:\/\/lcpr.pl\/zg\/wp-json\/wp\/v2\/posts\/15487","targetHints":{"allow":["GET"]}}],"collection":[{"href":"https:\/\/lcpr.pl\/zg\/wp-json\/wp\/v2\/posts"}],"about":[{"href":"https:\/\/lcpr.pl\/zg\/wp-json\/wp\/v2\/types\/post"}],"author":[{"embeddable":true,"href":"https:\/\/lcpr.pl\/zg\/wp-json\/wp\/v2\/users\/6"}],"replies":[{"embeddable":true,"href":"https:\/\/lcpr.pl\/zg\/wp-json\/wp\/v2\/comments?post=15487"}],"version-history":[{"count":12,"href":"https:\/\/lcpr.pl\/zg\/wp-json\/wp\/v2\/posts\/15487\/revisions"}],"predecessor-version":[{"id":15935,"href":"https:\/\/lcpr.pl\/zg\/wp-json\/wp\/v2\/posts\/15487\/revisions\/15935"}],"wp:featuredmedia":[{"embeddable":true,"href":"https:\/\/lcpr.pl\/zg\/wp-json\/wp\/v2\/media\/14722"}],"wp:attachment":[{"href":"https:\/\/lcpr.pl\/zg\/wp-json\/wp\/v2\/media?parent=15487"}],"wp:term":[{"taxonomy":"category","embeddable":true,"href":"https:\/\/lcpr.pl\/zg\/wp-json\/wp\/v2\/categories?post=15487"},{"taxonomy":"post_tag","embeddable":true,"href":"https:\/\/lcpr.pl\/zg\/wp-json\/wp\/v2\/tags?post=15487"}],"curies":[{"name":"wp","href":"https:\/\/api.w.org\/{rel}","templated":true}]}}