{"id":13751,"date":"2025-02-27T12:52:17","date_gmt":"2025-02-27T11:52:17","guid":{"rendered":"https:\/\/lcpr.pl\/zg\/?p=13751"},"modified":"2025-03-04T15:02:00","modified_gmt":"2025-03-04T14:02:00","slug":"szkolenie-06-03-2025","status":"publish","type":"post","link":"https:\/\/lcpr.pl\/zg\/2025\/02\/27\/szkolenie-06-03-2025\/","title":{"rendered":"Szkolenie 06-03-2025"},"content":{"rendered":"<style type=\"text\/css\"><\/style><h2><strong>Producenci!<br \/>\nOg\u0142aszamy nab\u00f3r na trzecie szkolenie w ramach <\/strong><strong>Akademii Producenta w 2025 roku.<\/strong><\/h2>\n<p><span style=\"color: #ffffff;\">.<\/span><br \/>\nCzym jest <strong>Akademia Producenta<\/strong>?<\/p>\n<p>To cykl bezp\u0142atnych szkole\u0144, organizowanych przez\u00a0<a href=\"https:\/\/www.facebook.com\/lcprzg?__cft__[0]=AZVdN15H2OReNJchwL3c4kYTkUu5fGxs9i5DkfNDD31RDNxy63WAEjxyMeg1TPGXTfE3FY3ovpqVEh7jsP47FrNVN6gzdnayIYvlOWx_89yE5WUGoQFff7g_z8EDFNXo72Vo9ib8OWiWIGDx3QQeKbSRNw08bYIDrMLbBlxIdG85rdQ8txBhE8NfR9Z0_U-8HHA&amp;__tn__=-]K-R\">Lubuskie Centrum Produktu Regionalnego<\/a> przeznaczonych dla Producent\u00f3w wytwarzaj\u0105cych produkty regionalne na terenie wojew\u00f3dztwa lubuskiego.<\/p>\n<p>\u00ad<\/p>\n<h3>Temat szkolenia: <strong>\u201ePROWADZENIE PROFILU FIRMY W R\u00d3\u017bNYCH MEDIACH SPO\u0141ECZNO\u015aCIOWYCH W SZCZEG\u00d3LNO\u015aCI POPRZEZ REELSY, KR\u0118CENIE ROLEK, KARUZEL\u201d<\/strong><\/h3>\n<h3><img loading=\"lazy\" decoding=\"async\" src=\"https:\/\/static.xx.fbcdn.net\/images\/emoji.php\/v9\/tba\/1.5\/16\/2705.png\" alt=\"\u2705\" width=\"16\" height=\"16\" \/> Termin: <strong>06 marca 2025 r. (czwartek) w godz. 10.00 \u2013 16.00 (6 godzin zegarowych)<\/strong><\/h3>\n<h3><img loading=\"lazy\" decoding=\"async\" src=\"https:\/\/static.xx.fbcdn.net\/images\/emoji.php\/v9\/tba\/1.5\/16\/2705.png\" alt=\"\u2705\" width=\"16\" height=\"16\" \/> Miejsce:\u00a0<strong>Grape Town Hotel, al. Wojska Polskiego 79, 65-762 Zielona G\u00f3ra<\/strong><\/h3>\n<p>\u00ad<\/p>\n<p><strong>PROGRAM SZKOLENIA: <\/strong><\/p>\n<ol>\n<li><strong> Wprowadzenie do \u015bwiata medi\u00f3w spo\u0142eczno\u015bciowych <\/strong><\/li>\n<\/ol>\n<ul>\n<li>o Zapoznanie uczestnik\u00f3w z rol\u0105 medi\u00f3w spo\u0142eczno\u015bciowych w budowaniu wizerunku firmy.<\/li>\n<li>o Przegl\u0105d najwa\u017cniejszych platform (Instagram, Facebook, LinkedIn, TikTok) oraz ich specyfiki.<\/li>\n<\/ul>\n<ol start=\"2\">\n<li><strong> Strategia content marketingowa \u2013 fundamenty sukcesu <\/strong><\/li>\n<\/ol>\n<p>o Wypracowanie podstaw strategii publikacji tre\u015bci w mediach spo\u0142eczno\u015bciowych.<\/p>\n<p>o Okre\u015blenie grupy docelowej oraz definiowanie cel\u00f3w komunikacji.<\/p>\n<ol start=\"3\">\n<li><strong> Tworzenie anga\u017cuj\u0105cych rolek i reels\u00f3w \u2013 teoria i praktyka <\/strong><\/li>\n<\/ol>\n<p>o Poznanie specyfiki kr\u00f3tkich form wideo (rolki, reelsy) i ich potencja\u0142u.<\/p>\n<p>o Nauka planowania i realizacji dynamicznych tre\u015bci wideo.<\/p>\n<p>o Najlepsze praktyki przy kr\u0119ceniu wideo: planowanie scenariusza, dob\u00f3r muzyki, kadrowanie, o\u015bwietlenie<\/p>\n<ol start=\"4\">\n<li><strong> Kreowanie karuzel \u2013 przekazywanie tre\u015bci w atrakcyjnej formie graficznej <\/strong><\/li>\n<\/ol>\n<p>o Zrozumienie, czym s\u0105 karuzele i jak mog\u0105 s\u0142u\u017cy\u0107 do opowiadania historii marki.<\/p>\n<p>o Poznanie zasad tworzenia sp\u00f3jnych i atrakcyjnych wizualnie karuzel.<\/p>\n<p>o Jak zaplanowa\u0107 narracj\u0119 wizualn\u0105: storyboard, sekwencja slajd\u00f3w<\/p>\n<p>o Narz\u0119dzia i aplikacje u\u0142atwiaj\u0105ce tworzenie karuzel (np. Canva, Adobe Spark)<\/p>\n<p>o Prezentacja z przyk\u0142adami<\/p>\n<ol start=\"5\">\n<li><strong> Narz\u0119dzia i techniki edycji \u2013 od surowego materia\u0142u do profesjonalnego contentu <\/strong><\/li>\n<\/ol>\n<p>o Praktyczne zapoznanie z narz\u0119dziami do edycji wideo i grafiki, przegl\u0105d aplikacji i program\u00f3w.<\/p>\n<p>o Przekazanie wiedzy na temat szybkiej obr\u00f3bki materia\u0142\u00f3w, aby zachowa\u0107 autentyczno\u015b\u0107 i profesjonalizm.<\/p>\n<ol start=\"6\">\n<li><strong> Planowanie i harmonogramowanie publikacji <\/strong><\/li>\n<\/ol>\n<p>o Nauka planowania dzia\u0142a\u0144 content marketingowych.<\/p>\n<p>o Przekazanie metod organizacji pracy w mediach spo\u0142eczno\u015bciowych.<\/p>\n<ol start=\"7\">\n<li><strong> Analiza efektywno\u015bci i optymalizacja strategii <\/strong><\/li>\n<\/ol>\n<p>o Zapoznanie uczestnik\u00f3w z narz\u0119dziami analitycznymi i metrykami sukcesu.<\/p>\n<p>o Kluczowe wska\u017aniki efektywno\u015bci (KPI) w mediach spo\u0142eczno\u015bciowych.<\/p>\n<p>o Narz\u0119dzia analityczne dost\u0119pne na platformach (Instagram Insights, Facebook Analytics).<\/p>\n<p>o Jak interpretowa\u0107 wyniki i wprowadza\u0107 zmiany.<\/p>\n<p>o Przyk\u0142ady iteracyjnego podej\u015bcia do optymalizacji tre\u015bci.<\/p>\n<p>o Nauka, jak na podstawie danych udoskonala\u0107 strategi\u0119 komunikacyjn\u0105.<\/p>\n<ol start=\"8\">\n<li><strong> Praktyczne case study i opracowanie w\u0142asnej kampanii <\/strong><\/li>\n<\/ol>\n<p>o Integracja zdobytej wiedzy i zastosowanie jej w praktyce.<\/p>\n<p>o Opracowanie mini kampanii content marketingowej na potrzeby firmy.<\/p>\n<p>o Podzia\u0142 uczestnik\u00f3w na ma\u0142e grupy.<\/p>\n<p>o Ka\u017cda grupa wybiera format (rolka, karuzela, reels) i tworzy sp\u00f3jn\u0105 koncepcj\u0119 kampanii \u2013 od briefu, przez scenariusz, a\u017c po plan publikacji.<\/p>\n<p>o Przedstawienie opracowanych kampanii reszcie grupy.<\/p>\n<p>o Om\u00f3wienie i wsp\u00f3lna analiza efekt\u00f3w, wskazanie mocnych stron i obszar\u00f3w do poprawy.<\/p>\n<p><!--more--><\/p>\n<p><strong>UWAGA!<\/strong><\/p>\n<p><img loading=\"lazy\" decoding=\"async\" src=\"https:\/\/static.xx.fbcdn.net\/images\/emoji.php\/v9\/td7\/1.5\/16\/2757.png\" alt=\"\u2757\ufe0f\" width=\"16\" height=\"16\" \/>\u00a0<strong>W szkoleniu udzia\u0142 mog\u0105 wzi\u0105\u0107 tylko osoby zarejestrowane w bazie producent\u00f3w<\/strong>\u00a0<a href=\"https:\/\/www.facebook.com\/lcprzg?__cft__[0]=AZVdN15H2OReNJchwL3c4kYTkUu5fGxs9i5DkfNDD31RDNxy63WAEjxyMeg1TPGXTfE3FY3ovpqVEh7jsP47FrNVN6gzdnayIYvlOWx_89yE5WUGoQFff7g_z8EDFNXo72Vo9ib8OWiWIGDx3QQeKbSRNw08bYIDrMLbBlxIdG85rdQ8txBhE8NfR9Z0_U-8HHA&amp;__tn__=-]K-R\"><strong>Lubuskie Centrum Produktu Regionalnego<\/strong><\/a><\/p>\n<p><strong>Nie ma Ci\u0119? Nic straconego!<\/strong><\/p>\n<p><strong>Do\u0142\u0105cz: <a href=\"https:\/\/lcpr.pl\/zg\/ankieta\/\" target=\"_blank\" rel=\"noopener\">www.lcpr.pl\/zg\/ankieta\/<\/a><\/strong><\/p>\n<p>&nbsp;<\/p>\n<p><img loading=\"lazy\" decoding=\"async\" src=\"https:\/\/static.xx.fbcdn.net\/images\/emoji.php\/v9\/t3b\/1.5\/16\/2b50.png\" alt=\"\u2b50\" width=\"16\" height=\"16\" \/> W razie pyta\u0144, w\u0105tpliwo\u015bci prosimy o kontakt pod adresem e-mail: sekretariat@lcpr.pl<\/p>\n<p><a href=\"https:\/\/www.facebook.com\/hashtag\/akademiaproducenta?__eep__=6&amp;__cft__[0]=AZVdN15H2OReNJchwL3c4kYTkUu5fGxs9i5DkfNDD31RDNxy63WAEjxyMeg1TPGXTfE3FY3ovpqVEh7jsP47FrNVN6gzdnayIYvlOWx_89yE5WUGoQFff7g_z8EDFNXo72Vo9ib8OWiWIGDx3QQeKbSRNw08bYIDrMLbBlxIdG85rdQ8txBhE8NfR9Z0_U-8HHA&amp;__tn__=*NK-R\">#akademiaproducenta <\/a><a href=\"https:\/\/www.facebook.com\/hashtag\/lubuskie?__eep__=6&amp;__cft__[0]=AZVdN15H2OReNJchwL3c4kYTkUu5fGxs9i5DkfNDD31RDNxy63WAEjxyMeg1TPGXTfE3FY3ovpqVEh7jsP47FrNVN6gzdnayIYvlOWx_89yE5WUGoQFff7g_z8EDFNXo72Vo9ib8OWiWIGDx3QQeKbSRNw08bYIDrMLbBlxIdG85rdQ8txBhE8NfR9Z0_U-8HHA&amp;__tn__=*NK-R\">#lubuskie <\/a><a href=\"https:\/\/www.facebook.com\/hashtag\/lubuscyproducenci?__eep__=6&amp;__cft__[0]=AZVdN15H2OReNJchwL3c4kYTkUu5fGxs9i5DkfNDD31RDNxy63WAEjxyMeg1TPGXTfE3FY3ovpqVEh7jsP47FrNVN6gzdnayIYvlOWx_89yE5WUGoQFff7g_z8EDFNXo72Vo9ib8OWiWIGDx3QQeKbSRNw08bYIDrMLbBlxIdG85rdQ8txBhE8NfR9Z0_U-8HHA&amp;__tn__=*NK-R\">#lubuscyproducenci <\/a><a href=\"https:\/\/www.facebook.com\/hashtag\/szkolenie?__eep__=6&amp;__cft__[0]=AZVdN15H2OReNJchwL3c4kYTkUu5fGxs9i5DkfNDD31RDNxy63WAEjxyMeg1TPGXTfE3FY3ovpqVEh7jsP47FrNVN6gzdnayIYvlOWx_89yE5WUGoQFff7g_z8EDFNXo72Vo9ib8OWiWIGDx3QQeKbSRNw08bYIDrMLbBlxIdG85rdQ8txBhE8NfR9Z0_U-8HHA&amp;__tn__=*NK-R\">#szkolenie <\/a><a href=\"https:\/\/www.facebook.com\/hashtag\/szkolenielubuskie?__eep__=6&amp;__cft__[0]=AZVdN15H2OReNJchwL3c4kYTkUu5fGxs9i5DkfNDD31RDNxy63WAEjxyMeg1TPGXTfE3FY3ovpqVEh7jsP47FrNVN6gzdnayIYvlOWx_89yE5WUGoQFff7g_z8EDFNXo72Vo9ib8OWiWIGDx3QQeKbSRNw08bYIDrMLbBlxIdG85rdQ8txBhE8NfR9Z0_U-8HHA&amp;__tn__=*NK-R\">#szkolenielubuskie<\/a><\/p>\n<p>&nbsp;<\/p>\n<h2><strong>Nab\u00f3r na szkolenie zako\u0144czony.<br \/>\nDzi\u0119kujemy za zainteresowanie.<\/strong><\/h2>\n","protected":false},"excerpt":{"rendered":"<p>Producenci! Og\u0142aszamy nab\u00f3r na trzecie szkolenie w ramach Akademii Producenta w 2025 roku &#8222;Prowadzenie profilu firmy w r\u00f3\u017cnych mediach spo\u0142eczno\u015bciowych w szczeg\u00f3lno\u015bci poprzez reelsy, kr\u0119cenie rolek, karuzel\u201d<\/p>\n","protected":false},"author":4,"featured_media":13738,"comment_status":"open","ping_status":"closed","sticky":false,"template":"","format":"standard","meta":{"footnotes":""},"categories":[18,55],"tags":[],"class_list":["post-13751","post","type-post","status-publish","format-standard","has-post-thumbnail","hentry","category-aktualnosci","category-szkolenia"],"_links":{"self":[{"href":"https:\/\/lcpr.pl\/zg\/wp-json\/wp\/v2\/posts\/13751","targetHints":{"allow":["GET"]}}],"collection":[{"href":"https:\/\/lcpr.pl\/zg\/wp-json\/wp\/v2\/posts"}],"about":[{"href":"https:\/\/lcpr.pl\/zg\/wp-json\/wp\/v2\/types\/post"}],"author":[{"embeddable":true,"href":"https:\/\/lcpr.pl\/zg\/wp-json\/wp\/v2\/users\/4"}],"replies":[{"embeddable":true,"href":"https:\/\/lcpr.pl\/zg\/wp-json\/wp\/v2\/comments?post=13751"}],"version-history":[{"count":9,"href":"https:\/\/lcpr.pl\/zg\/wp-json\/wp\/v2\/posts\/13751\/revisions"}],"predecessor-version":[{"id":13753,"href":"https:\/\/lcpr.pl\/zg\/wp-json\/wp\/v2\/posts\/13751\/revisions\/13753"}],"wp:featuredmedia":[{"embeddable":true,"href":"https:\/\/lcpr.pl\/zg\/wp-json\/wp\/v2\/media\/13738"}],"wp:attachment":[{"href":"https:\/\/lcpr.pl\/zg\/wp-json\/wp\/v2\/media?parent=13751"}],"wp:term":[{"taxonomy":"category","embeddable":true,"href":"https:\/\/lcpr.pl\/zg\/wp-json\/wp\/v2\/categories?post=13751"},{"taxonomy":"post_tag","embeddable":true,"href":"https:\/\/lcpr.pl\/zg\/wp-json\/wp\/v2\/tags?post=13751"}],"curies":[{"name":"wp","href":"https:\/\/api.w.org\/{rel}","templated":true}]}}