{"id":12500,"date":"2024-09-19T10:10:00","date_gmt":"2024-09-19T08:10:00","guid":{"rendered":"https:\/\/lcpr.pl\/zg\/?p=12500"},"modified":"2024-09-19T10:34:14","modified_gmt":"2024-09-19T08:34:14","slug":"opowiesc-o-goscincu-z-krainy-18-jezior","status":"publish","type":"post","link":"https:\/\/lcpr.pl\/zg\/2024\/09\/19\/opowiesc-o-goscincu-z-krainy-18-jezior\/","title":{"rendered":"Opowie\u015b\u0107 o go\u015bci\u0144cu z krainy 18 jezior"},"content":{"rendered":"<style type=\"text\/css\"> \n#cmsms_row_69f17d3bd8204 .cmsms_row_outer_parent { \n\tpadding-top: 0px; \n} \n\n#cmsms_row_69f17d3bd8204 .cmsms_row_outer_parent { \n\tpadding-bottom: 50px; \n} \n\n \n#cmsms_row_69f17d3bd83b1 .cmsms_row_outer_parent { \n\tpadding-top: 0px; \n} \n\n#cmsms_row_69f17d3bd83b1 .cmsms_row_outer_parent { \n\tpadding-bottom: 50px; \n} \n\n \n#cmsms_row_69f17d3bd8e68 .cmsms_row_outer_parent { \n\tpadding-top: 0px; \n} \n\n#cmsms_row_69f17d3bd8e68 .cmsms_row_outer_parent { \n\tpadding-bottom: 50px; \n} \n\n \n#cmsms_row_69f17d3bd8f1a .cmsms_row_outer_parent { \n\tpadding-top: 0px; \n} \n\n#cmsms_row_69f17d3bd8f1a .cmsms_row_outer_parent { \n\tpadding-bottom: 50px; \n} \n\n\n#cmsms_button_69f17d3bd8f74 { \n\ttext-align:center; \n} \n\n#cmsms_button_69f17d3bd8f74 .cmsms_button:before { \n\tmargin-right:.5em; \n\tmargin-left:0; \n\tvertical-align:baseline; \n} \n\n#cmsms_button_69f17d3bd8f74 .cmsms_button { \n\tfont-weight:100; \n\tfont-style:normal; \n\tpadding-right:20px; \n\tpadding-left:20px; \n\tbackground-color:#58cf90; \n\tcolor:#ffffff; \n\tborder-color:#58cf90; \n} \n#cmsms_button_69f17d3bd8f74 .cmsms_button:hover { \n\tbackground-color:#ffffff; \n\tcolor:#58cf90; \n\tborder-color:#58cf90; \n} \n\n#cmsms_button_69f17d3bd8ff5 { \n\ttext-align:center; \n} \n\n#cmsms_button_69f17d3bd8ff5 .cmsms_button:before { \n\tmargin-right:.5em; \n\tmargin-left:0; \n\tvertical-align:baseline; \n} \n\n#cmsms_button_69f17d3bd8ff5 .cmsms_button { \n\tfont-weight:100; \n\tfont-style:normal; \n\tpadding-right:20px; \n\tpadding-left:20px; \n\tbackground-color:#58cf90; \n\tcolor:#ffffff; \n\tborder-color:#58cf90; \n} \n#cmsms_button_69f17d3bd8ff5 .cmsms_button:hover { \n\tbackground-color:#ffffff; \n\tcolor:#58cf90; \n\tborder-color:#58cf90; \n} \n<\/style><div id=\"cmsms_row_69f17d3bd8130\" class=\"cmsms_row cmsms_color_scheme_default\">\n<div class=\"cmsms_row_outer_parent\">\n<div class=\"cmsms_row_outer\">\n<div class=\"cmsms_row_inner\">\n<div class=\"cmsms_row_margin\">\n<div class=\"cmsms_column one_first\">\n<div class=\"cmsms_text wlasnaklasa\">\n<h1><strong><em><img loading=\"lazy\" decoding=\"async\" class=\"alignnone wp-image-10273\" src=\"https:\/\/lcpr.pl\/zg\/wp-content\/uploads\/2024\/03\/O.png\" alt=\"\" width=\"187\" height=\"187\" \/>powie\u015b\u0107 o go\u015bci\u0144cu z krainy 18 jezior<\/em><\/strong><\/h1>\n<\/div>\n<\/div>\n<\/div>\n<\/div>\n<\/div>\n<\/div>\n<\/div>\n<div id=\"cmsms_row_69f17d3bd8204\" class=\"cmsms_row cmsms_color_scheme_default\">\n<div class=\"cmsms_row_outer_parent\">\n<div class=\"cmsms_row_outer\">\n<div class=\"cmsms_row_inner\">\n<div class=\"cmsms_row_margin\">\n<div class=\"cmsms_column one_first\">\n<div class=\"cmsms_text wlasnaklasa\">\n<h4>\u017bycie bywa przewrotne.<br \/>\nZa czas\u00f3w szkolnych pami\u0119tam tendencj\u0119 przewa\u017caj\u0105cej liczby os\u00f3b o ch\u0119ci wyprowadzki do wi\u0119kszego miasta lub co najlepiej za granic\u0119.<br \/>\nKolorowe gazety i telewizja skutecznie na nas dzia\u0142a\u0142y, wp\u0142ywaj\u0105c na nasze marzenia o ,,ameryka\u0144skim \u015bnie\u201d. Teraz, po latach sami nie wiemy dlaczego naszym d\u0105\u017ceniem by\u0142o \u017cycie w\u015br\u00f3d kolorowych billboard\u00f3w i blokowisk, kiedy sta\u0142y si\u0119 one naszym codziennym widokiem, nawet w mniejszych miastach. Dzi\u015b chcemy spokoju, odpoczynku z dala od zgie\u0142ku miast, a naszym wymarzonym widokiem s\u0105 szerokie pola polnych kwiat\u00f3w, b\u0105d\u017a bezkresny, pachn\u0105cy \u015bwierkiem las. Nasze marzenia o odwiedzeniu Aquapark\u00f3w zast\u0105pi\u0142y z kolei widoki na jeziora. Mo\u017cna zatem powiedzie\u0107, \u017ce obecnymi prawdziwymi szcz\u0119\u015bliwcami s\u0105 Ci, kt\u00f3rzy mieszkaj\u0105 w okolicy natury, z dala od zgie\u0142ku miast.<\/h4>\n<h4>Takie szcz\u0119\u015bcie maj\u0105 w\u0142a\u015bnie <strong>Pa\u0144stwo Dec, kt\u00f3rzy za\u0142o\u017cyli ,,Decow\u0105 Manufaktur\u0119\u201d i \u201eGo\u015bciniec u Dec\u00f3w\u201d<\/strong>, a ich pomys\u0142em na \u017cycie sta\u0142a si\u0119 natura.<\/h4>\n<h4>Czy byli\u015bcie kiedy\u015b w drodze do Poznania <strong>w Karszynie<\/strong>?<br \/>\nTo niewielka wie\u015b znajduj\u0105ca si\u0119 w Gminie Kargowa na skraju wojew\u00f3dztwa lubuskiego. I to w\u0142a\u015bnie tu znajduje si\u0119 miejsce nietuzinkowe \u2013 stary, poniemiecki zajazd, do kt\u00f3rego doje\u017cd\u017cano ko\u0144mi, kt\u00f3ry dzi\u0119ki pasji, zaanga\u017cowania i wk\u0142adanej przez 12 lat olbrzymiej pracy przeistoczy\u0142 si\u0119 w go\u015bciniec pe\u0142en regionalnych smak\u00f3w. Szcz\u0119\u015bcie do tego urokliwego miejsca w\u0142a\u015bciciele odczuwaj\u0105 na ka\u017cdym kroku \u2013 nie tylko, dzi\u0119ki pozytywnie przyjmuj\u0105cego si\u0119 ka\u017cdego zrealizowanego pomys\u0142u, ale r\u00f3wnie\u017c, dzi\u0119ki znajdowanym na terenie przej\u0119tego zajazdu podkowom, kt\u00f3re w\u0142a\u015bciciele maj\u0105 do dzi\u015b.<br \/>\nCzy tylko to miejsce jest szcz\u0119\u015bliwe? Tego nie wiem, ale warto wspomnie\u0107, \u017ce <strong>w samej okolicy Karszyna znajduje si\u0119 a\u017c 18 jezior<\/strong>, w kt\u00f3rych by\u0107 mo\u017ce mo\u017cna wypatrzy\u0107 r\u00f3wnie\u017c szcz\u0119\u015bcie w postaci z\u0142otej rybki.<\/h4>\n<h4>Szcz\u0119\u015bcie dopisuje r\u00f3wnie\u017c w\u0142a\u015bcicielom w kwestii smaku, kt\u00f3ry zostaje doceniony zar\u00f3wno przez Konsument\u00f3w i osoby odwiedzaj\u0105ce restauracj\u0119, ale tak\u017ce podczas licznych konkurs\u00f3w krajowych. <strong>Produkty od Pa\u0144stwa Dec znalaz\u0142y si\u0119 m.in. na Ministerialnej Li\u015bcie Produkt\u00f3w Tradycyjnych, czy zdoby\u0142y nagrod\u0119 Per\u0142y podczas targ\u00f3w Smaki Region\u00f3w w Poznaniu.<\/strong><\/h4>\n<h4><img loading=\"lazy\" decoding=\"async\" class=\"wp-image-12491 alignright\" src=\"https:\/\/lcpr.pl\/zg\/wp-content\/uploads\/2024\/09\/blog-postac-dec-scaled.jpg\" alt=\"\" width=\"468\" height=\"345\" srcset=\"https:\/\/lcpr.pl\/zg\/wp-content\/uploads\/2024\/09\/blog-postac-dec-scaled.jpg 2560w, https:\/\/lcpr.pl\/zg\/wp-content\/uploads\/2024\/09\/blog-postac-dec-300x221.jpg 300w, https:\/\/lcpr.pl\/zg\/wp-content\/uploads\/2024\/09\/blog-postac-dec-1024x755.jpg 1024w, https:\/\/lcpr.pl\/zg\/wp-content\/uploads\/2024\/09\/blog-postac-dec-768x566.jpg 768w, https:\/\/lcpr.pl\/zg\/wp-content\/uploads\/2024\/09\/blog-postac-dec-1536x1133.jpg 1536w, https:\/\/lcpr.pl\/zg\/wp-content\/uploads\/2024\/09\/blog-postac-dec-2048x1510.jpg 2048w, https:\/\/lcpr.pl\/zg\/wp-content\/uploads\/2024\/09\/blog-postac-dec-580x428.jpg 580w, https:\/\/lcpr.pl\/zg\/wp-content\/uploads\/2024\/09\/blog-postac-dec-820x605.jpg 820w, https:\/\/lcpr.pl\/zg\/wp-content\/uploads\/2024\/09\/blog-postac-dec-1160x855.jpg 1160w\" sizes=\"auto, (max-width: 468px) 100vw, 468px\" \/><\/h4>\n<h4>Z jakich smak\u00f3w s\u0142ynie Go\u015bciniec?<br \/>\nZ le\u015bnych, regionalnych i oczywi\u015bcie z dziczyzny, kt\u00f3re mo\u017cna nie tylko skosztowa\u0107 w karszy\u0144skim Go\u015bci\u0144cu, ale tak\u017ce zakupi\u0107 w s\u0142oikach pod mark\u0105 <strong>Decowa Manufaktura<\/strong>. Zainteresowanie jest na tyle spore, \u017ce Pa\u0144stwo Dec sprzedaj\u0105 swoje s\u0142oiczki nie tylko na terenie wojew\u00f3dztwa lubuskiego \u2013 na coniedzielnych targach Tw\u00f3j Zielony Targ, w sklepie Przyjaciele Jedzenia, czy w sklepach u zaprzyja\u017anionych producent\u00f3w m.in. w Rybackiej Chacie, czy w sklepach Salcum \u2013 Fixum, produkty te pokochali r\u00f3wnie\u017c mieszka\u0144cy wielkopolski, kt\u00f3rzy zakupi\u0107 mog\u0105 je podczas targ\u00f3w w Poznaniu, czy bywalcy wojew\u00f3dztwa zachodniopomorskim odwiedzaj\u0105cy targi w Szczecinie, na kt\u00f3rych zawsze mo\u017cna spotka\u0107 Pa\u0144stwa Dec.<\/h4>\n<h4>Kiedy mo\u017cna zatem zago\u015bci\u0107 w Go\u015bci\u0144cu stacjonarnie?<br \/>\nRestauracja na swoich go\u015bci otwiera si\u0119 podczas organizowania kolacji degustacyjnych, wydarze\u0144 rodzinnych i licznych catering\u00f3w. Warto \u015bledzi\u0107 Facebooka Go\u015bci\u0144ca, bo dzi\u0119ki niemu dowiecie si\u0119 jakie dania tym razem przygotuj\u0105 w\u0142a\u015bciciele, poniewa\u017c za ka\u017cdym razem na go\u015bci czeka zupe\u0142nie nowa karta da\u0144, przygotowana w\u0142a\u015bnie pod t\u0119 okoliczno\u015b\u0107.<\/h4>\n<h4>Mimo \u017ce, sala restauracyjna pomie\u015bci oko\u0142o 50 os\u00f3b, a w sezonie letnim zostanie dodatkowo wzbogacona o miejsca tarasowe warto zarezerwowa\u0107 stolik wcze\u015bniej poniewa\u017c zainteresowanie karszy\u0144skimi smakami nieustannie ro\u015bnie. W ,,Go\u015bci\u0144cu u Dec\u00f3w\u201d w\u0142a\u015bciciele dope\u0142niaj\u0105 najwi\u0119kszej staranno\u015bci, aby ka\u017cdy smak pochodzi\u0142 mo\u017cliwie z jak najbardziej lokalnych \u017ar\u00f3de\u0142. Miody pochodz\u0105 od bliskiego s\u0105siada i w\u0142a\u015bciciele restauracji z u\u015bmiechem m\u00f3wi\u0105, \u017ce w zasadzie jaka\u015b cz\u0119\u015b\u0107 miodu powstaje dzi\u0119ki nim. <img decoding=\"async\" class=\"emoji\" role=\"img\" draggable=\"false\" src=\"https:\/\/s.w.org\/images\/core\/emoji\/15.0.3\/svg\/1f60a.svg\" alt=\"\ud83d\ude0a\" \/><\/h4>\n<h4>Wiemy ju\u017c sk\u0105d pochodz\u0105 produkty, ale sk\u0105d pochodz\u0105 przepisy na dania?<br \/>\nWiele w nich pasji i zaanga\u017cowania w\u0142a\u015bcicieli, ale opr\u00f3cz tego swoje \u017ar\u00f3d\u0142o maj\u0105 w tradycjach rodzinnych.<\/h4>\n<h4>Jaki jest najbardziej rozpoznawalny produkt Pa\u0144stwa Dec? Oczywi\u015bcie pierwszy produkt, kt\u00f3ry znalaz\u0142 si\u0119 na li\u015bcie ministerialnej, czyli palc\u00f3wka, b\u0119d\u0105ca przepisem przywiezionym przez dziadka Pana Miros\u0142awa ze wschodu, a tak\u017ce firmowa<strong> kie\u0142basa \u2013 Decowa.<\/strong> Go\u015bciniec wype\u0142niony jest r\u00f3wnie\u017c licznymi warsztatami dla dzieci, kt\u00f3re s\u0105 autorskim pomys\u0142em Pani Magdaleny. Opr\u00f3cz wiedzy praktycznej s\u0105 one r\u00f3wnie\u017c bogate w olbrzymi\u0105 wiedz\u0119 merytoryczn\u0105 na temat zdrowego \u017cywienia.<\/h4>\n<h4>Mo\u017cecie by\u0107 pewni, \u017ce je\u015bli rozpoczniecie rozmow\u0119 na temat produkt\u00f3w regionalnych z Pa\u0144stwem Dec czeka Was d\u0142uga pogaw\u0119dka, z kt\u00f3rej wyniesiecie wi\u0119cej ni\u017c z niejednej ksi\u0105\u017cki kucharskiej!<br \/>\nPrzekonali si\u0119 o tym m.in. uczniowie szko\u0142y gastronomicznej w Bobowicku, kt\u00f3rzy uczestniczyli w spotkaniu kulinarnym ,,Rarytas Lubuski w kuchni\u201d, organizowanym przez Lubuskie Centrum Produktu Regionalnego w Zielonej G\u00f3rze.<\/h4>\n<h4>Mimo \u017ce, m\u0142odzi ludzie pasjonuj\u0105cy si\u0119 sztuk\u0105 kulinarn\u0105 wiedzieli ju\u017c wiele te spotkanie u\u015bwiadomi\u0142o im jak wa\u017cny jest produkt zdrowy, wytwarzany lokalnie i pochodz\u0105cy z pewnych \u017ar\u00f3de\u0142. Przekonajcie si\u0119 r\u00f3wnie\u017c i odwied\u017acie te magiczne miejsce!<\/h4>\n<h4>Autor artyku\u0142u: Justyna Gray<\/h4>\n<\/div>\n<\/div>\n<\/div>\n<\/div>\n<\/div>\n<\/div>\n<\/div>\n<div id=\"cmsms_row_69f17d3bd83b1\" class=\"cmsms_row cmsms_color_scheme_default\">\n<div class=\"cmsms_row_outer_parent\">\n<div class=\"cmsms_row_outer\">\n<div class=\"cmsms_row_inner\">\n<div class=\"cmsms_row_margin\">\n<div class=\"cmsms_column one_first\">\n<div class=\"cmsms_gallery\">\n<ul>\n<li class=\"one_half\"><figure><a href=\"https:\/\/lcpr.pl\/zg\/wp-content\/uploads\/2024\/09\/artykul-na-bloga-gosciniec-u-decow-kopia-scaled.jpg\" rel=\"ilightbox[69f17d3bd8497]\"><img loading=\"lazy\" decoding=\"async\" width=\"1822\" height=\"2560\" src=\"https:\/\/lcpr.pl\/zg\/wp-content\/uploads\/2024\/09\/artykul-na-bloga-gosciniec-u-decow-kopia-scaled.jpg\" class=\"attachment-full size-full\" alt=\"\" srcset=\"https:\/\/lcpr.pl\/zg\/wp-content\/uploads\/2024\/09\/artykul-na-bloga-gosciniec-u-decow-kopia-scaled.jpg 1822w, https:\/\/lcpr.pl\/zg\/wp-content\/uploads\/2024\/09\/artykul-na-bloga-gosciniec-u-decow-kopia-214x300.jpg 214w, https:\/\/lcpr.pl\/zg\/wp-content\/uploads\/2024\/09\/artykul-na-bloga-gosciniec-u-decow-kopia-729x1024.jpg 729w, https:\/\/lcpr.pl\/zg\/wp-content\/uploads\/2024\/09\/artykul-na-bloga-gosciniec-u-decow-kopia-768x1079.jpg 768w, https:\/\/lcpr.pl\/zg\/wp-content\/uploads\/2024\/09\/artykul-na-bloga-gosciniec-u-decow-kopia-1093x1536.jpg 1093w, https:\/\/lcpr.pl\/zg\/wp-content\/uploads\/2024\/09\/artykul-na-bloga-gosciniec-u-decow-kopia-1458x2048.jpg 1458w, https:\/\/lcpr.pl\/zg\/wp-content\/uploads\/2024\/09\/artykul-na-bloga-gosciniec-u-decow-kopia-580x815.jpg 580w, https:\/\/lcpr.pl\/zg\/wp-content\/uploads\/2024\/09\/artykul-na-bloga-gosciniec-u-decow-kopia-820x1152.jpg 820w, https:\/\/lcpr.pl\/zg\/wp-content\/uploads\/2024\/09\/artykul-na-bloga-gosciniec-u-decow-kopia-1160x1630.jpg 1160w\" sizes=\"auto, (max-width: 1822px) 100vw, 1822px\" \/><\/a><\/figure><\/li><li class=\"one_half\"><figure><a href=\"https:\/\/lcpr.pl\/zg\/wp-content\/uploads\/2024\/09\/artykul-na-bloga-Dec-tyl-kopia-scaled.jpg\" rel=\"ilightbox[69f17d3bd8497]\"><img loading=\"lazy\" decoding=\"async\" width=\"1822\" height=\"2560\" src=\"https:\/\/lcpr.pl\/zg\/wp-content\/uploads\/2024\/09\/artykul-na-bloga-Dec-tyl-kopia-scaled.jpg\" class=\"attachment-full size-full\" alt=\"\" srcset=\"https:\/\/lcpr.pl\/zg\/wp-content\/uploads\/2024\/09\/artykul-na-bloga-Dec-tyl-kopia-scaled.jpg 1822w, https:\/\/lcpr.pl\/zg\/wp-content\/uploads\/2024\/09\/artykul-na-bloga-Dec-tyl-kopia-214x300.jpg 214w, https:\/\/lcpr.pl\/zg\/wp-content\/uploads\/2024\/09\/artykul-na-bloga-Dec-tyl-kopia-729x1024.jpg 729w, https:\/\/lcpr.pl\/zg\/wp-content\/uploads\/2024\/09\/artykul-na-bloga-Dec-tyl-kopia-768x1079.jpg 768w, https:\/\/lcpr.pl\/zg\/wp-content\/uploads\/2024\/09\/artykul-na-bloga-Dec-tyl-kopia-1093x1536.jpg 1093w, https:\/\/lcpr.pl\/zg\/wp-content\/uploads\/2024\/09\/artykul-na-bloga-Dec-tyl-kopia-1458x2048.jpg 1458w, https:\/\/lcpr.pl\/zg\/wp-content\/uploads\/2024\/09\/artykul-na-bloga-Dec-tyl-kopia-580x815.jpg 580w, https:\/\/lcpr.pl\/zg\/wp-content\/uploads\/2024\/09\/artykul-na-bloga-Dec-tyl-kopia-820x1152.jpg 820w, https:\/\/lcpr.pl\/zg\/wp-content\/uploads\/2024\/09\/artykul-na-bloga-Dec-tyl-kopia-1160x1630.jpg 1160w\" sizes=\"auto, (max-width: 1822px) 100vw, 1822px\" \/><\/a><\/figure><\/li><\/ul>\n<\/div>\n<\/div>\n<\/div>\n<\/div>\n<\/div>\n<\/div>\n<\/div>\n<div id=\"cmsms_row_69f17d3bd8e68\" class=\"cmsms_row cmsms_color_scheme_default\">\n<div class=\"cmsms_row_outer_parent\">\n<div class=\"cmsms_row_outer\">\n<div class=\"cmsms_row_inner\">\n<div class=\"cmsms_row_margin\">\n<div class=\"cmsms_column one_first\">\n<div class=\"cmsms_text\">\n<p style=\"text-align: center;\">\u2022 <strong>Go\u015bciniec u Dec\u00f3w <\/strong>\u00a0\u2022\u00a0 <strong>Karszyn 10 &#8211; 66-120 Kargowa\u00a0 \u2022\u00a0<\/strong><\/p>\n<\/div>\n<\/div>\n<\/div>\n<\/div>\n<\/div>\n<\/div>\n<\/div>\n<div id=\"cmsms_row_69f17d3bd8f1a\" class=\"cmsms_row cmsms_color_scheme_default\">\n<div class=\"cmsms_row_outer_parent\">\n<div class=\"cmsms_row_outer\">\n<div class=\"cmsms_row_inner\">\n<div class=\"cmsms_row_margin\">\n<div class=\"cmsms_column one_half\">\n\n<div id=\"cmsms_button_69f17d3bd8f74\" class=\"button_wrap\"><a href=\"https:\/\/lcpr.pl\/zg\/project\/gosciniec-u-decow\/\" class=\"cmsms_button cmsms-icon-info-circled\">Dowiedz si\u0119 wi\u0119cej o producencie!<\/a><\/div>\n<\/div>\n<div class=\"cmsms_column one_half\">\n\n<div id=\"cmsms_button_69f17d3bd8ff5\" class=\"button_wrap\"><a href=\"https:\/\/www.facebook.com\/Gosciniecudecow\/\" class=\"cmsms_button cmsms-icon-facebook\">Facebook<\/a><\/div>\n<\/div>\n<\/div>\n<\/div>\n<\/div>\n<\/div>\n<\/div>\n\n","protected":false},"excerpt":{"rendered":"<p>Z jakich smak\u00f3w s\u0142ynie Go\u015bciniec?<br \/>\nZ le\u015bnych, regionalnych i oczywi\u015bcie z dziczyzny, kt\u00f3re mo\u017cna nie tylko skosztowa\u0107 w karszy\u0144skim Go\u015bci\u0144cu, ale tak\u017ce zakupi\u0107 w s\u0142oikach pod mark\u0105 Decowa Manufaktura. Zainteresowanie jest na tyle spore, \u017ce Pa\u0144stwo Dec sprzedaj\u0105 swoje s\u0142oiczki nie tylko na terenie wojew\u00f3dztwa lubuskiego \u2013 na coniedzielnych targach Tw\u00f3j Zielony Targ, w sklepie Przyjaciele Jedzenia, czy w sklepach u zaprzyja\u017anionych producent\u00f3w m.in. w Rybackiej Chacie, czy w sklepach Salcum \u2013 Fixum, produkty te pokochali r\u00f3wnie\u017c mieszka\u0144cy wielkopolski, kt\u00f3rzy zakupi\u0107 mog\u0105 je podczas targ\u00f3w w Poznaniu, czy bywalcy wojew\u00f3dztwa zachodniopomorskim odwiedzaj\u0105cy targi w Szczecinie, na kt\u00f3rych zawsze mo\u017cna spotka\u0107 Pa\u0144stwa Dec.<\/p>\n","protected":false},"author":6,"featured_media":12495,"comment_status":"open","ping_status":"closed","sticky":false,"template":"","format":"standard","meta":{"footnotes":""},"categories":[19],"tags":[48],"class_list":["post-12500","post","type-post","status-publish","format-standard","has-post-thumbnail","hentry","category-blog","tag-blog"],"_links":{"self":[{"href":"https:\/\/lcpr.pl\/zg\/wp-json\/wp\/v2\/posts\/12500","targetHints":{"allow":["GET"]}}],"collection":[{"href":"https:\/\/lcpr.pl\/zg\/wp-json\/wp\/v2\/posts"}],"about":[{"href":"https:\/\/lcpr.pl\/zg\/wp-json\/wp\/v2\/types\/post"}],"author":[{"embeddable":true,"href":"https:\/\/lcpr.pl\/zg\/wp-json\/wp\/v2\/users\/6"}],"replies":[{"embeddable":true,"href":"https:\/\/lcpr.pl\/zg\/wp-json\/wp\/v2\/comments?post=12500"}],"version-history":[{"count":3,"href":"https:\/\/lcpr.pl\/zg\/wp-json\/wp\/v2\/posts\/12500\/revisions"}],"predecessor-version":[{"id":12567,"href":"https:\/\/lcpr.pl\/zg\/wp-json\/wp\/v2\/posts\/12500\/revisions\/12567"}],"wp:featuredmedia":[{"embeddable":true,"href":"https:\/\/lcpr.pl\/zg\/wp-json\/wp\/v2\/media\/12495"}],"wp:attachment":[{"href":"https:\/\/lcpr.pl\/zg\/wp-json\/wp\/v2\/media?parent=12500"}],"wp:term":[{"taxonomy":"category","embeddable":true,"href":"https:\/\/lcpr.pl\/zg\/wp-json\/wp\/v2\/categories?post=12500"},{"taxonomy":"post_tag","embeddable":true,"href":"https:\/\/lcpr.pl\/zg\/wp-json\/wp\/v2\/tags?post=12500"}],"curies":[{"name":"wp","href":"https:\/\/api.w.org\/{rel}","templated":true}]}}