{"id":12326,"date":"2024-08-29T14:11:11","date_gmt":"2024-08-29T12:11:11","guid":{"rendered":"https:\/\/lcpr.pl\/zg\/?p=12326"},"modified":"2024-09-19T10:46:40","modified_gmt":"2024-09-19T08:46:40","slug":"opowiesc-o-miejscu-ktore-dziala-juz-ponad-10-lat","status":"publish","type":"post","link":"https:\/\/lcpr.pl\/zg\/2024\/08\/29\/opowiesc-o-miejscu-ktore-dziala-juz-ponad-10-lat\/","title":{"rendered":"Opowie\u015b\u0107 o miejscu, kt\u00f3re dzia\u0142a ju\u017c ponad 10 lat"},"content":{"rendered":"<style type=\"text\/css\"> \n#cmsms_row_69f17bd4d2a26 .cmsms_row_outer_parent { \n\tpadding-top: 0px; \n} \n\n#cmsms_row_69f17bd4d2a26 .cmsms_row_outer_parent { \n\tpadding-bottom: 50px; \n} \n\n \n#cmsms_row_69f17bd4d2be6 .cmsms_row_outer_parent { \n\tpadding-top: 0px; \n} \n\n#cmsms_row_69f17bd4d2be6 .cmsms_row_outer_parent { \n\tpadding-bottom: 50px; \n} \n\n \n#cmsms_row_69f17bd4d3396 .cmsms_row_outer_parent { \n\tpadding-top: 0px; \n} \n\n#cmsms_row_69f17bd4d3396 .cmsms_row_outer_parent { \n\tpadding-bottom: 50px; \n} \n\n \n#cmsms_row_69f17bd4d3431 .cmsms_row_outer_parent { \n\tpadding-top: 0px; \n} \n\n#cmsms_row_69f17bd4d3431 .cmsms_row_outer_parent { \n\tpadding-bottom: 50px; \n} \n\n\n#cmsms_button_69f17bd4d354c { \n\ttext-align:center; \n} \n\n#cmsms_button_69f17bd4d354c .cmsms_button:before { \n\tmargin-right:.5em; \n\tmargin-left:0; \n\tvertical-align:baseline; \n} \n\n#cmsms_button_69f17bd4d354c .cmsms_button { \n\tfont-weight:100; \n\tfont-style:normal; \n\tpadding-right:20px; \n\tpadding-left:20px; \n\tbackground-color:#58cf90; \n\tcolor:#ffffff; \n\tborder-color:#58cf90; \n} \n#cmsms_button_69f17bd4d354c .cmsms_button:hover { \n\tbackground-color:#ffffff; \n\tcolor:#58cf90; \n\tborder-color:#58cf90; \n} \n\n#cmsms_button_69f17bd4d35b0 { \n\ttext-align:center; \n} \n\n#cmsms_button_69f17bd4d35b0 .cmsms_button:before { \n\tmargin-right:.5em; \n\tmargin-left:0; \n\tvertical-align:baseline; \n} \n\n#cmsms_button_69f17bd4d35b0 .cmsms_button { \n\tfont-weight:100; \n\tfont-style:normal; \n\tpadding-right:20px; \n\tpadding-left:20px; \n\tbackground-color:#58cf90; \n\tcolor:#ffffff; \n\tborder-color:#58cf90; \n} \n#cmsms_button_69f17bd4d35b0 .cmsms_button:hover { \n\tbackground-color:#ffffff; \n\tcolor:#58cf90; \n\tborder-color:#58cf90; \n} \n<\/style><div id=\"cmsms_row_69f17bd4d28da\" class=\"cmsms_row cmsms_color_scheme_default\">\n<div class=\"cmsms_row_outer_parent\">\n<div class=\"cmsms_row_outer\">\n<div class=\"cmsms_row_inner\">\n<div class=\"cmsms_row_margin\">\n<div class=\"cmsms_column one_first\">\n<div class=\"cmsms_text wlasnaklasa\">\n<h1><strong><em><img loading=\"lazy\" decoding=\"async\" class=\"alignnone wp-image-10273\" src=\"https:\/\/lcpr.pl\/zg\/wp-content\/uploads\/2024\/03\/O.png\" alt=\"\" width=\"187\" height=\"187\" \/>powie\u015b\u0107 o miejscu, kt\u00f3re dzia\u0142a ju\u017c ponad 10 lat<\/em><\/strong><\/h1>\n<\/div>\n<\/div>\n<\/div>\n<\/div>\n<\/div>\n<\/div>\n<\/div>\n<div id=\"cmsms_row_69f17bd4d2a26\" class=\"cmsms_row cmsms_color_scheme_default\">\n<div class=\"cmsms_row_outer_parent\">\n<div class=\"cmsms_row_outer\">\n<div class=\"cmsms_row_inner\">\n<div class=\"cmsms_row_margin\">\n<div class=\"cmsms_column one_first\">\n<div class=\"cmsms_text wlasnaklasa\">\n<h4>Czy wybieraj\u0105c si\u0119 na zakupy zwracacie uwag\u0119 na produkty, pochodz\u0105ce z naszego wojew\u00f3dztwa?<br \/>\nCoraz wi\u0119cej os\u00f3b na szcz\u0119\u015bcie odpowiada, \u017ce tak, w tym od d\u0142u\u017cszego czasu ja.<br \/>\nLubuskie miody, sery, czy w\u0119dliny staj\u0105 si\u0119 codzienno\u015bci\u0105 na naszych rodzimych sto\u0142ach. Zrobienie zakup\u00f3w bogatych w produkty od lokalnych wystawc\u00f3w umo\u017cliwiaj\u0105 pojawiaj\u0105ce si\u0119 w coraz wi\u0119kszej ilo\u015bci sklepy z regionalnym asortymentem, czy rozmaite opcje zakupu produkt\u00f3w w formie online. Jednak czy zakupuj\u0105c tego typu produkty nie macie ochoty dowiedzie\u0107 si\u0119 o nich czego\u015b wi\u0119cej? Czy nie macie ochoty pozna\u0107 bli\u017cej producenta, kt\u00f3ra dzia\u0142a w Waszym ,,s\u0105siedztwie\u201d?<\/h4>\n<h4>Tak\u0105 mo\u017cliwo\u015b\u0107 daj\u0105 targi, dedykowane stricte sprzeda\u017cy produkt\u00f3w regionalnych. Istnieje na nich mo\u017cliwo\u015b\u0107 zakupienia wyrob\u00f3w bezpo\u015brednio od samych producent\u00f3w, kt\u00f3rzy z pewno\u015bci\u0105 doradz\u0105 w wyborze tych, kt\u00f3re najbardziej b\u0119d\u0105 odpowiada\u0107 Waszemu podniebieniu, ale tak\u017ce wpisz\u0105 si\u0119 w Wasz indywidualny gust, bo warto podkre\u015bli\u0107, \u017ce produkty regionalne to nie tylko liczne wyroby spo\u017cywcze, ale r\u00f3wnie\u017c tw\u00f3rczo\u015b\u0107 r\u0119kodzielnicza.<\/h4>\n<h4><strong>Takie w\u0142a\u015bnie miejsce ju\u017c od ponad 10 lat funkcjonuje w Zielonej G\u00f3rze &#8211; Ochli<\/strong>, a to wszystko, dzi\u0119ki\u2026 <strong>Pauli Lencewicz i Micha\u0142owi Czarneckiemu,<\/strong> kt\u00f3rzy stworzyli miejsce, b\u0119d\u0105ce obecnie nie tylko targiem, ale r\u00f3wnie\u017c coniedzielnie spotykaj\u0105c\u0105 si\u0119 spo\u0142eczno\u015bci\u0105 o podobnych zainteresowaniach, b\u0119d\u0105cych dla siebie jak\u2026 rodzina, czyli<strong> Tw\u00f3j Zielony Targ! <\/strong><\/h4>\n<h4>Inspiracja jak sami wskazuj\u0105 pochodzi z typowo miejskich wydarze\u0144, na kt\u00f3rych swoj\u0105 ofert\u0119 prezentowali wytw\u00f3rcy, kt\u00f3rych produkty ci\u0119\u017cko znale\u017a\u0107 w dyskontach, a ciesz\u0105 si\u0119 szerokim zainteresowaniem.<br \/>\nDlaczego nie mo\u017cna by\u0142oby stworzy\u0107 miejsca, w kt\u00f3rym produkty lokalne, na kt\u00f3re jest popyt, staj\u0105 si\u0119 bardziej dost\u0119pne?<\/h4>\n<h4>Tak w\u0142a\u015bnie narodzi\u0142 si\u0119 pomys\u0142 na targ. A jak narodzi\u0142 si\u0119 pomys\u0142 na miejsce? Musia\u0142o by\u0107 klimatycznie. Przytulnie. Z terenem zielonym i z mo\u017cliwo\u015bci\u0105 organizacji targu o ka\u017cdej porze roku. Brzmi nierealnie w mie\u015bcie? Patrz\u0105c po miejscu, w kt\u00f3rym odbywa si\u0119 targ, czyli w\u015br\u00f3d kamiennych budynk\u00f3w na terenie Muzeum Etnograficznego w Zielonej G\u00f3rze \u2013 Ochli wszystkie warunki zosta\u0142y spe\u0142nione <img decoding=\"async\" class=\"emoji\" role=\"img\" draggable=\"false\" src=\"https:\/\/s.w.org\/images\/core\/emoji\/15.0.3\/svg\/1f60a.svg\" alt=\"\ud83d\ude0a\" \/>.<\/h4>\n<h4>Targ przyci\u0105ga wielu: zar\u00f3wno osoby szukaj\u0105ce nowych, regionalnych smak\u00f3w, chc\u0105cych ciekawie sp\u0119dzi\u0107 czas, czy tych, kt\u00f3rzy nie wyobra\u017caj\u0105 sobie niedzieli bez odwiedzenia swoich ulubionych producent\u00f3w. Ile os\u00f3b przychodzi trudno odpowiedzie\u0107, ale faktem jest jedno \u2013 mimo \u017ce, targ funkcjonuje od godziny 10:00 do 15:00, to godzin\u0119 przed zako\u0144czeniem targu wiele stanowisk jest totalnie wyprzedanych. Tak w\u0142a\u015bnie jest teraz, po 10 latach od kiedy na targu pojawili si\u0119 pierwsi wystawcy, kiedy liczba stoisk w ramach mo\u017cliwo\u015bci stale wzrasta i jest ich obecnie kilkadziesi\u0105t. Ale czy tak by\u0142o zawsze?<\/h4>\n<h4>Pocz\u0105tki jak zawsze przy wprowadzaniu ,,nowinki\u201d na rynek nie by\u0142y proste \u2013 wspominaj\u0105 w\u0142a\u015bciciele targu. Klienci musieli otworzy\u0107 si\u0119 na poznawanie nowych smak\u00f3w, zmian\u0119 stylu \u017cywienia na zdrowszy i skupiaj\u0105cy si\u0119 na lokalnych wyrobach, a tak\u017ce otwarcie si\u0119 na inn\u0105 mo\u017cliwo\u015b\u0107 zrobienia zakup\u00f3w ni\u017c te w dyskontach.<\/h4>\n<h4>Ogromn\u0105 prac\u0105, jak\u0105 nadal wykonuj\u0105 producenci i organizatorzy targu jest jednak wyja\u015bnienie klientowi, dlaczego produkty wytwarzane lokalnie w niewielkich przedsi\u0119biorstwach s\u0105 dro\u017csze i jakie niesie to za sob\u0105 zalety. Jak wiadomo, papier przyjmie wszystko, dlatego tak wa\u017cny jest kontakt bezpo\u015bredni wytw\u00f3rcy z potencjalnym nabywc\u0105 i opowiedzenie wi\u0119cej o wytwarzanym produkcie. To w\u0142a\u015bnie jest si\u0142a targu z produktami lokalnymi i to sprawia, \u017ce tak wiele os\u00f3b decyduje si\u0119 w\u0142a\u015bnie na tak\u0105 form\u0119 zakup\u00f3w.<\/h4>\n<h4>Niekt\u00f3rzy wystawcy przyje\u017cd\u017caj\u0105 na targ od samego pocz\u0105tku. Byli naocznymi \u015bwiadkami jego rozwoju, a tak\u017ce budowali sobie sta\u0142\u0105 baz\u0119 klient\u00f3w, z kt\u00f3r\u0105 widz\u0105 si\u0119 co tydzie\u0144 od 10 lat w tym samym miejscu. Ka\u017cdy z wystawc\u00f3w ma jedno przydzielone miejsce, dlatego ponowne znalezienie go nie jest problemem.<\/h4>\n<h4>Co mo\u017cna znale\u017a\u0107 na targu? Rozmaite produkty spo\u017cywcze \u2013 chleby, w\u0119dliny, sery, miody, warzywa, owoce, dania gotowe, czy ciasta, a tak\u017ce\u2026 wyj\u0105tkowe r\u0119kodzie\u0142o!<br \/>\nI to nie wszystko. W ko\u0144cu ka\u017cdy z producent\u00f3w wytwarza inny produkt i reprezentuje odmienn\u0105 kategori\u0119 produktow\u0105. <strong>Obecnie jest ich co tydzie\u0144\u2026 ponad 40!<\/strong> Ka\u017cdy inny! Paula i Micha\u0142 przyk\u0142adaj\u0105 szczeg\u00f3ln\u0105 wag\u0119 do tego, aby rodzaj produktu si\u0119 nie powiela\u0142 i by\u0142 dopasowany do klienta.<\/h4>\n<h4>Czy odwiedzaj\u0105c targ mo\u017cemy wykona\u0107 jedynie zakupy produkt\u00f3w regionalnych? Absolutnie nie! Czeka tam na Was szereg aktywno\u015bci, dedykowanych dla dzieci i doros\u0142ych, w tym m.in\u2026. warsztaty z producentami regionalnymi organizowane przez Lubuskie Centrum Produktu Regionalnego w Zielonej G\u00f3rze.<\/h4>\n<h4>Jest to jeden z przyk\u0142ad\u00f3w kilkuletniej wsp\u00f3\u0142pracy Twojego Zielonego Targu z LCPR, a kolejnym s\u0105 m.in\u2026. nadchodz\u0105ce 10 urodziny targu, kt\u00f3re odb\u0119d\u0105 si\u0119 ju\u017c w najbli\u017csz\u0105 niedziel\u0119!<\/h4>\n<h4>To b\u0119dzie wyj\u0105tkowy targ podczas, kt\u00f3rego swoj\u0105 ofert\u0119 zaprezentuje ponad 70. producent\u00f3w, a na odwiedzaj\u0105cych b\u0119dzie czeka\u0107 szereg aktywno\u015bci w tym konkursy z nagrodami, wyst\u0119py muzyczne, warsztaty, czy degustacje produkt\u00f3w regionalnych.<\/h4>\n<h4>Brzmi ciekawie? B\u0119dzie ciekawie! Zerknijcie na program i \u2026 przyjed\u017acie w niedziel\u0119 na targ!<\/h4>\n<h4><\/h4>\n<h4>Autor artyku\u0142u: Justyna Gray<\/h4>\n<\/div>\n<\/div>\n<\/div>\n<\/div>\n<\/div>\n<\/div>\n<\/div>\n<div id=\"cmsms_row_69f17bd4d2be6\" class=\"cmsms_row cmsms_color_scheme_default\">\n<div class=\"cmsms_row_outer_parent\">\n<div class=\"cmsms_row_outer\">\n<div class=\"cmsms_row_inner\">\n<div class=\"cmsms_row_margin\">\n<div class=\"cmsms_column one_first\">\n<div class=\"cmsms_gallery\">\n<ul>\n<li class=\"one_half\"><figure><a href=\"https:\/\/lcpr.pl\/zg\/wp-content\/uploads\/2024\/08\/456143609_516544180765045_4722356252819536107_n.jpg\" rel=\"ilightbox[69f17bd4d2cc0]\"><img loading=\"lazy\" decoding=\"async\" width=\"1448\" height=\"2048\" src=\"https:\/\/lcpr.pl\/zg\/wp-content\/uploads\/2024\/08\/456143609_516544180765045_4722356252819536107_n.jpg\" class=\"attachment-full size-full\" alt=\"\" srcset=\"https:\/\/lcpr.pl\/zg\/wp-content\/uploads\/2024\/08\/456143609_516544180765045_4722356252819536107_n.jpg 1448w, https:\/\/lcpr.pl\/zg\/wp-content\/uploads\/2024\/08\/456143609_516544180765045_4722356252819536107_n-212x300.jpg 212w, https:\/\/lcpr.pl\/zg\/wp-content\/uploads\/2024\/08\/456143609_516544180765045_4722356252819536107_n-724x1024.jpg 724w, https:\/\/lcpr.pl\/zg\/wp-content\/uploads\/2024\/08\/456143609_516544180765045_4722356252819536107_n-768x1086.jpg 768w, https:\/\/lcpr.pl\/zg\/wp-content\/uploads\/2024\/08\/456143609_516544180765045_4722356252819536107_n-1086x1536.jpg 1086w, https:\/\/lcpr.pl\/zg\/wp-content\/uploads\/2024\/08\/456143609_516544180765045_4722356252819536107_n-580x820.jpg 580w, https:\/\/lcpr.pl\/zg\/wp-content\/uploads\/2024\/08\/456143609_516544180765045_4722356252819536107_n-820x1160.jpg 820w, https:\/\/lcpr.pl\/zg\/wp-content\/uploads\/2024\/08\/456143609_516544180765045_4722356252819536107_n-1160x1641.jpg 1160w\" sizes=\"auto, (max-width: 1448px) 100vw, 1448px\" \/><\/a><\/figure><\/li><\/ul>\n<\/div>\n<\/div>\n<\/div>\n<\/div>\n<\/div>\n<\/div>\n<\/div>\n<div id=\"cmsms_row_69f17bd4d3396\" class=\"cmsms_row cmsms_color_scheme_default\">\n<div class=\"cmsms_row_outer_parent\">\n<div class=\"cmsms_row_outer\">\n<div class=\"cmsms_row_inner\">\n<div class=\"cmsms_row_margin\">\n<div class=\"cmsms_column one_first\">\n<div class=\"cmsms_text\">\n<p style=\"text-align: center;\">\u2022 <strong>Tw\u00f3j Zielony Targ <\/strong>\u00a0\u2022\u00a0 <strong>ul. Zielonog\u00f3rska 5, Zielona G\u00f3ra &#8211; Ochla\u00a0 \u2022\u00a0<\/strong><\/p>\n<\/div>\n<\/div>\n<\/div>\n<\/div>\n<\/div>\n<\/div>\n<\/div>\n<div id=\"cmsms_row_69f17bd4d3431\" class=\"cmsms_row cmsms_color_scheme_default\">\n<div class=\"cmsms_row_outer_parent\">\n<div class=\"cmsms_row_outer\">\n<div class=\"cmsms_row_inner\">\n<div class=\"cmsms_row_margin\">\n<div class=\"cmsms_column one_half\">\n\n<div id=\"cmsms_button_69f17bd4d354c\" class=\"button_wrap\"><a href=\"https:\/\/www.facebook.com\/twojzielonytarg\" class=\"cmsms_button cmsms-icon-info-circled\">Dowiedz si\u0119 wi\u0119cej o producencie!<\/a><\/div>\n<\/div>\n<div class=\"cmsms_column one_half\">\n\n<div id=\"cmsms_button_69f17bd4d35b0\" class=\"button_wrap\"><a href=\"https:\/\/www.facebook.com\/twojzielonytarg\" class=\"cmsms_button cmsms-icon-facebook\">Facebook<\/a><\/div>\n<\/div>\n<\/div>\n<\/div>\n<\/div>\n<\/div>\n<\/div>\n\n","protected":false},"excerpt":{"rendered":"<p>Czy wybieraj\u0105c si\u0119 na zakupy zwracacie uwag\u0119 na produkty, pochodz\u0105ce z naszego wojew\u00f3dztwa?<br \/>\nCoraz wi\u0119cej os\u00f3b na szcz\u0119\u015bcie odpowiada, \u017ce tak, w tym od d\u0142u\u017cszego czasu ja.<br \/>\nLubuskie miody, sery, czy w\u0119dliny staj\u0105 si\u0119 codzienno\u015bci\u0105 na naszych rodzimych sto\u0142ach. Zrobienie zakup\u00f3w bogatych w produkty od lokalnych wystawc\u00f3w umo\u017cliwiaj\u0105 pojawiaj\u0105ce si\u0119 w coraz wi\u0119kszej ilo\u015bci sklepy z regionalnym asortymentem, czy rozmaite opcje zakupu produkt\u00f3w w formie online. Jednak czy zakupuj\u0105c tego typu produkty nie macie ochoty dowiedzie\u0107 si\u0119 o nich czego\u015b wi\u0119cej? Czy nie macie ochoty pozna\u0107 bli\u017cej producenta, kt\u00f3ra dzia\u0142a w Waszym ,,s\u0105siedztwie\u201d?<\/p>\n","protected":false},"author":6,"featured_media":12328,"comment_status":"open","ping_status":"closed","sticky":false,"template":"","format":"standard","meta":{"footnotes":""},"categories":[19],"tags":[48],"class_list":["post-12326","post","type-post","status-publish","format-standard","has-post-thumbnail","hentry","category-blog","tag-blog"],"_links":{"self":[{"href":"https:\/\/lcpr.pl\/zg\/wp-json\/wp\/v2\/posts\/12326","targetHints":{"allow":["GET"]}}],"collection":[{"href":"https:\/\/lcpr.pl\/zg\/wp-json\/wp\/v2\/posts"}],"about":[{"href":"https:\/\/lcpr.pl\/zg\/wp-json\/wp\/v2\/types\/post"}],"author":[{"embeddable":true,"href":"https:\/\/lcpr.pl\/zg\/wp-json\/wp\/v2\/users\/6"}],"replies":[{"embeddable":true,"href":"https:\/\/lcpr.pl\/zg\/wp-json\/wp\/v2\/comments?post=12326"}],"version-history":[{"count":2,"href":"https:\/\/lcpr.pl\/zg\/wp-json\/wp\/v2\/posts\/12326\/revisions"}],"predecessor-version":[{"id":12568,"href":"https:\/\/lcpr.pl\/zg\/wp-json\/wp\/v2\/posts\/12326\/revisions\/12568"}],"wp:featuredmedia":[{"embeddable":true,"href":"https:\/\/lcpr.pl\/zg\/wp-json\/wp\/v2\/media\/12328"}],"wp:attachment":[{"href":"https:\/\/lcpr.pl\/zg\/wp-json\/wp\/v2\/media?parent=12326"}],"wp:term":[{"taxonomy":"category","embeddable":true,"href":"https:\/\/lcpr.pl\/zg\/wp-json\/wp\/v2\/categories?post=12326"},{"taxonomy":"post_tag","embeddable":true,"href":"https:\/\/lcpr.pl\/zg\/wp-json\/wp\/v2\/tags?post=12326"}],"curies":[{"name":"wp","href":"https:\/\/api.w.org\/{rel}","templated":true}]}}