{"id":10571,"date":"2023-04-15T14:50:04","date_gmt":"2023-04-15T12:50:04","guid":{"rendered":"https:\/\/lcpr.pl\/zg\/?p=10571"},"modified":"2024-06-07T12:45:09","modified_gmt":"2024-06-07T10:45:09","slug":"szkolenie-27-04-2023","status":"publish","type":"post","link":"https:\/\/lcpr.pl\/zg\/2023\/04\/15\/szkolenie-27-04-2023\/","title":{"rendered":"Szkolenie 27-04-2023"},"content":{"rendered":"<style type=\"text\/css\"> \n#cmsms_row_69f17c464563d .cmsms_row_outer_parent { \n\tpadding-top: 0px; \n} \n\n#cmsms_row_69f17c464563d .cmsms_row_outer_parent { \n\tpadding-bottom: 50px; \n} \n\n \n#cmsms_row_69f17c4645924 .cmsms_row_outer_parent { \n\tpadding-top: 0px; \n} \n\n#cmsms_row_69f17c4645924 .cmsms_row_outer_parent { \n\tpadding-bottom: 50px; \n} \n\n<\/style><div id=\"cmsms_row_69f17c464563d\" class=\"cmsms_row cmsms_color_scheme_default\">\n<div class=\"cmsms_row_outer_parent\">\n<div class=\"cmsms_row_outer\">\n<div class=\"cmsms_row_inner\">\n<div class=\"cmsms_row_margin\">\n<div class=\"cmsms_column one_first\">\n<div class=\"cmsms_text\">\n<p class=\"has-vivid-red-color has-text-color\">Ruszy\u0142a rekrutacja\u00a0na kolejne\u00a0<strong>bezp\u0142atne<\/strong>\u00a0szkolenie stacjonarne.<\/p>\n<p><strong>UWAGA:<br \/>\nW szkoleniu udzia\u0142 mog\u0105 wzi\u0105\u0107 tylko osoby zarejestrowane w bazie producent\u00f3w Lubuskiego Centrum Produktu Regionalnego!<\/strong><br \/>\n<strong>Nie ma Ci\u0119?\u00a0<\/strong><a href=\"https:\/\/lcpr.pl\/zg\/ankieta\/\" target=\"_blank\" rel=\"noreferrer noopener\"><em><u><strong>Do\u0142\u0105cz<\/strong><\/u><\/em><\/a><strong>\u00a0i wsp\u00f3\u0142pracuj z Lubuskim Centrum Produktu Regionalnego.<\/strong><\/p>\n<p><em>*W razie pyta\u0144, w\u0105tpliwo\u015bci prosimy o kontakt pod numerem telefonu: 513\u00a0485\u00a0829.<\/em><\/p>\n<div class=\"wp-block-spacer\" aria-hidden=\"true\"><\/div>\n<h3 class=\"has-vivid-red-color has-text-color wp-block-heading\"><strong>UWAGA:<\/strong><br \/>\nszkolenie stacjonarne w Regionalnym Centrum Animacji Kultury,\u00a0<strong>ul. Sienkiewicza 11, 65-431 Zielona G\u00f3ra \u2013 Sala Magnacka<\/strong><\/h3>\n<div class=\"wp-block-spacer\" aria-hidden=\"true\"><\/div>\n<p><strong>TEMAT SZKOLENIA:<\/strong><\/p>\n<h1 class=\"wp-block-heading\">\u201eMarketing produktu regionalnego<strong>\u201d<\/strong><\/h1>\n<p><em>Je\u017celi kto\u015b z Pa\u0144stwa jest zainteresowany materia\u0142ami ze zrealizowanego szkolenia, prosimy o kontakt pod adresem: sekretariat@lcpr.pl<\/em>.<\/p>\n<div class=\"wp-block-spacer\" aria-hidden=\"true\"><\/div>\n<p class=\"has-luminous-vivid-orange-color has-text-color has-medium-font-size\"><strong>Rekrutacja trwa od 17.04.2023 do 26.04.2023 (do godz. 12:00)<\/strong>\u00a0(liczba miejsc ograniczona).<\/p>\n<div class=\"wp-block-spacer\" aria-hidden=\"true\"><\/div>\n<p class=\"has-vivid-red-color has-text-color\">Termin szkolenia:\u00a0<strong>27 kwietnia (czwartek) w godzinach: 10:00-14:30<\/strong><\/p>\n<p class=\"has-vivid-red-color has-text-color\">Miejsce szkolenia:\u00a0<strong>Regionalne Centrum Animacji Kultury,\u00a0ul. Sienkiewicza 11, 65-431 Zielona G\u00f3ra \u2013 Sala Magnacka<\/strong><\/p>\n<div class=\"wp-block-spacer\" aria-hidden=\"true\"><\/div>\n<p><strong>Program szkolenia:<\/strong><\/p>\n<ol>\n<li><strong>Prezentacja za\u0142o\u017ce\u0144 projektu BASCIL przez Koordynatora z ramienia Fundacji Natura Polska<\/strong><\/li>\n<li><strong>Teoria fotografii produktowej:<\/strong>\n<ul>\n<li>wprowadzenie do fotografii produktowej<\/li>\n<li>wyb\u00f3r odpowiedniego o\u015bwietlenia i t\u0142a<\/li>\n<li>techniki fotografowania produkt\u00f3w<\/li>\n<li>przyk\u0142ady dobrych praktyk<\/li>\n<li>\u0107wiczenia praktyczne<\/li>\n<\/ul>\n<\/li>\n<li><strong>Obr\u00f3bka zdj\u0119\u0107 produkt\u00f3w:<\/strong>\n<ul>\n<li>podstawy edycji zdj\u0119\u0107 produkt\u00f3w<\/li>\n<li>narz\u0119dzia do obr\u00f3bki zdj\u0119\u0107 produkt\u00f3w<\/li>\n<li>techniki poprawy jako\u015bci zdj\u0119\u0107<\/li>\n<li>przyk\u0142ady dobrych praktyk<\/li>\n<li>\u0107wiczenia praktyczne<\/li>\n<\/ul>\n<\/li>\n<li><strong>Opisy produkt\u00f3w na stronie internetowej i w mediach spo\u0142eczno\u015bciowych:<\/strong>\n<ul>\n<li>skuteczne sposoby pisania opis\u00f3w produkt\u00f3w<\/li>\n<li>rodzaje opis\u00f3w produkt\u00f3w<\/li>\n<li>przyk\u0142ady dobrych praktyk<\/li>\n<li>dodawanie zdj\u0119\u0107 i opis\u00f3w produkt\u00f3w na stron\u0119 internetow\u0105 i w mediach spo\u0142eczno\u015bciowych<\/li>\n<li>\u0107wiczenia praktyczne<\/li>\n<\/ul>\n<\/li>\n<\/ol>\n<div class=\"wp-block-spacer\" aria-hidden=\"true\"><\/div>\n<p><strong>Cele szkolenia:<\/strong><\/p>\n<ul>\n<li>zdobycie wiedzy na temat dobrego o\u015bwietlenia, t\u0142a i k\u0105ta widzenia dla produkt\u00f3w,<\/li>\n<li>opanowanie technik robienia zdj\u0119\u0107 produkt\u00f3w w spos\u00f3b profesjonalny,<\/li>\n<li>zdobycie umiej\u0119tno\u015bci obr\u00f3bki zdj\u0119\u0107 w celu poprawy ich jako\u015bci,<\/li>\n<li>opanowanie technik pisania skutecznych opis\u00f3w produkt\u00f3w,<\/li>\n<li>zdobycie wiedzy na temat sposob\u00f3w dodawania zdj\u0119\u0107 i opis\u00f3w produkt\u00f3w na stron\u0119 internetow\u0105 i w mediach spo\u0142eczno\u015bciowych.<\/li>\n<\/ul>\n<div class=\"wp-block-spacer\" aria-hidden=\"true\"><\/div>\n<p><strong>Prowadz\u0105cy:<\/strong><\/p>\n<p><strong>Bartosz Kosi\u0144ski<\/strong>\u00a0\u2013 certyfikowany\u00a0trener\u00a0organizacji,\u00a0koordynator\u00a0projekt\u00f3w, in\u017cynier oprogramowania, metodyk ze specjalizacj\u0105 w edukacji zdalnej. Posiada bogate do\u015bwiadczenie trenerskie (ponad 10 000 godzin szkoleniowych), m.in. w\u00a0obszarze trening\u00f3w komunikacyjnych, standard\u00f3w obs\u0142ugi klient\u00f3w, budowania pozytywnego wizerunku, zasad skutecznego\u00a0prowadzenia szkole\u0144, w tym szkole\u0144 zdalnych, budowania platform do nauki zdalnej, wykorzystania aplikacji w komunikacji, zarz\u0105dzaniu. Od 2005 prowadzi doradztwo i\u00a0szkolenia r\u00f3wnie\u017c w\u00a0zakresie marketingu, przede wszystkim w zakresie wykorzystania aplikacji mobilnych i webowych w\u00a0marketingu, tworzenia nagra\u0144 promocyjnych, monta\u017cu film\u00f3w, budowania strategii marketingowych z wykorzystaniem narz\u0119dzi online, content marketingu.<\/p>\n<div class=\"wp-block-spacer\" aria-hidden=\"true\"><\/div>\n<p><strong>Ka\u017cdy uczestnik szkolenia otrzymuje:<\/strong><\/p>\n<ul>\n<li>materia\u0142y szkoleniowe w wersji elektronicznej;<\/li>\n<li>imienny certyfikat uko\u0144czenia szkolenia.<\/li>\n<\/ul>\n<div class=\"wp-block-spacer\" aria-hidden=\"true\"><\/div>\n<p><strong>Co b\u0119dzie potrzebne do udzia\u0142u w szkoleniu:<\/strong><\/p>\n<p>Uczestnicy otrzymaj\u0105 d\u0142ugopisy i notesy.<br \/>\nZe wzgl\u0119du na charakter szkolenia po\u0142\u0105czony z warsztatami z fotografii, prosimy o zabranie ze sob\u0105 telefon\u00f3w kom\u00f3rkowych z aparatem i w\u0142asnych produkt\u00f3w, kt\u00f3re pos\u0142u\u017c\u0105 jako rekwizyty podczas szkolenia.<\/p>\n<\/div>\n<\/div>\n<div class=\"cmsms_column one_first\">\n<\/div>\n<\/div>\n<\/div>\n<\/div>\n<\/div>\n<\/div>\n<div id=\"cmsms_row_69f17c4645924\" class=\"cmsms_row cmsms_color_scheme_default\">\n<div class=\"cmsms_row_outer_parent\">\n<div class=\"cmsms_row_outer\">\n<div class=\"cmsms_row_inner\">\n<div class=\"cmsms_row_margin\">\n<div class=\"cmsms_column one_first\">\n<div id=\"cmsms_notice_69f17c4645984\" class=\"cmsms_notice cmsms_notice_success cmsms-icon-check-2\">\n<div class=\"notice_icon\"><\/div>\n<div class=\"notice_content\">\n<div><strong>Nab\u00f3r na szkolenie zosta\u0142 zamkni\u0119ty.<\/strong><\/div>\n<div><\/div>\n<div>Dzi\u0119kujemy za zainteresowanie.<\/div>\n<\/div>\n<\/div>\n<\/div>\n<\/div>\n<\/div>\n<\/div>\n<\/div>\n<\/div>\n\n","protected":false},"excerpt":{"rendered":"<p>Ruszy\u0142a rekrutacja\u00a0na kolejne\u00a0bezp\u0142atne\u00a0szkolenie stacjonarne. TEMAT SZKOLENIA: \u201eMarketing produktu regionalnego\u201d<\/p>\n","protected":false},"author":1,"featured_media":11310,"comment_status":"open","ping_status":"closed","sticky":false,"template":"","format":"standard","meta":{"footnotes":""},"categories":[55],"tags":[],"class_list":["post-10571","post","type-post","status-publish","format-standard","has-post-thumbnail","hentry","category-szkolenia"],"_links":{"self":[{"href":"https:\/\/lcpr.pl\/zg\/wp-json\/wp\/v2\/posts\/10571","targetHints":{"allow":["GET"]}}],"collection":[{"href":"https:\/\/lcpr.pl\/zg\/wp-json\/wp\/v2\/posts"}],"about":[{"href":"https:\/\/lcpr.pl\/zg\/wp-json\/wp\/v2\/types\/post"}],"author":[{"embeddable":true,"href":"https:\/\/lcpr.pl\/zg\/wp-json\/wp\/v2\/users\/1"}],"replies":[{"embeddable":true,"href":"https:\/\/lcpr.pl\/zg\/wp-json\/wp\/v2\/comments?post=10571"}],"version-history":[{"count":1,"href":"https:\/\/lcpr.pl\/zg\/wp-json\/wp\/v2\/posts\/10571\/revisions"}],"predecessor-version":[{"id":10572,"href":"https:\/\/lcpr.pl\/zg\/wp-json\/wp\/v2\/posts\/10571\/revisions\/10572"}],"wp:featuredmedia":[{"embeddable":true,"href":"https:\/\/lcpr.pl\/zg\/wp-json\/wp\/v2\/media\/11310"}],"wp:attachment":[{"href":"https:\/\/lcpr.pl\/zg\/wp-json\/wp\/v2\/media?parent=10571"}],"wp:term":[{"taxonomy":"category","embeddable":true,"href":"https:\/\/lcpr.pl\/zg\/wp-json\/wp\/v2\/categories?post=10571"},{"taxonomy":"post_tag","embeddable":true,"href":"https:\/\/lcpr.pl\/zg\/wp-json\/wp\/v2\/tags?post=10571"}],"curies":[{"name":"wp","href":"https:\/\/api.w.org\/{rel}","templated":true}]}}