{"id":10569,"date":"2023-03-01T14:48:37","date_gmt":"2023-03-01T13:48:37","guid":{"rendered":"https:\/\/lcpr.pl\/zg\/?p=10569"},"modified":"2024-06-07T12:45:47","modified_gmt":"2024-06-07T10:45:47","slug":"szkolenie-09-03-2023","status":"publish","type":"post","link":"https:\/\/lcpr.pl\/zg\/2023\/03\/01\/szkolenie-09-03-2023\/","title":{"rendered":"Szkolenie 09-03-2023"},"content":{"rendered":"<style type=\"text\/css\"> \n#cmsms_row_69f17d1a5b764 .cmsms_row_outer_parent { \n\tpadding-top: 0px; \n} \n\n#cmsms_row_69f17d1a5b764 .cmsms_row_outer_parent { \n\tpadding-bottom: 50px; \n} \n\n \n#cmsms_row_69f17d1a5ba0c .cmsms_row_outer_parent { \n\tpadding-top: 0px; \n} \n\n#cmsms_row_69f17d1a5ba0c .cmsms_row_outer_parent { \n\tpadding-bottom: 50px; \n} \n\n<\/style><div id=\"cmsms_row_69f17d1a5b764\" class=\"cmsms_row cmsms_color_scheme_default\">\n<div class=\"cmsms_row_outer_parent\">\n<div class=\"cmsms_row_outer\">\n<div class=\"cmsms_row_inner\">\n<div class=\"cmsms_row_margin\">\n<div class=\"cmsms_column one_first\">\n<div class=\"cmsms_text\">\n<p class=\"has-vivid-red-color has-text-color\">Ruszy\u0142a rekrutacja\u00a0na\u00a0<strong>drugie\u00a0darmowe szkolenie<\/strong>\u00a0w ramach cyklu szkoleniowego w\u00a0<strong>Akademii Producenta<\/strong>\u00a0w roku 2023.<\/p>\n<p><strong>UWAGA:<br \/>\nW szkoleniu udzia\u0142 mog\u0105 wzi\u0105\u0107 tylko osoby zarejestrowane w bazie producent\u00f3w Lubuskiego Centrum Produktu Regionalnego!<\/strong><br \/>\n<strong>Nie ma Ci\u0119?\u00a0<\/strong><a href=\"https:\/\/lcpr.pl\/ankieta\/\" target=\"_blank\" rel=\"noreferrer noopener\"><em><u><strong>Do\u0142\u0105cz<\/strong><\/u><\/em><\/a><strong>\u00a0i wsp\u00f3\u0142pracuj z Lubuskim Centrum Produktu Regionalnego.<\/strong><\/p>\n<p><em>*W razie pyta\u0144, w\u0105tpliwo\u015bci prosimy o kontakt pod numerem telefonu: 501\u00a0045\u00a0876.<\/em><\/p>\n<div class=\"wp-block-spacer\" aria-hidden=\"true\"><\/div>\n<h3 class=\"has-vivid-red-color has-text-color wp-block-heading\"><strong>UWAGA:<\/strong><br \/>\nszkolenie w formie on-line!<\/h3>\n<div class=\"wp-block-spacer\" aria-hidden=\"true\"><\/div>\n<p><strong>TEMAT SZKOLENIA:<\/strong><\/p>\n<h1 class=\"wp-block-heading\">\u201e<strong>Aspekty prawne i finansowe prowadzenia dzia\u0142alno\u015bci gospodarczej nierejestrowanej i rejestrowanej w Polsce\u201d<\/strong><\/h1>\n<div class=\"wp-block-spacer\" aria-hidden=\"true\"><\/div>\n<p><em>Je\u017celi kto\u015b z Pa\u0144stwa jest zainteresowany materia\u0142ami ze zrealizowanego szkolenia, prosimy o kontakt pod adresem: sekretariat@lcpr.pl<\/em>.<\/p>\n<div class=\"wp-block-spacer\" aria-hidden=\"true\"><\/div>\n<p class=\"has-vivid-red-color has-text-color\"><strong>Rekrutacja trwa od 02.03.2023 do 08.03.2023 (do godz. 15:00)<\/strong>\u00a0(liczba miejsc ograniczona).<\/p>\n<p class=\"has-vivid-red-color has-text-color\">Termin szkolenia:\u00a0<strong>09 marca (czwartek) w godzinach 14:00-18:00<\/strong><\/p>\n<div class=\"wp-block-spacer\" aria-hidden=\"true\"><\/div>\n<p><strong>Program szkolenia:<\/strong><\/p>\n<ul>\n<li>jednoosobowa dzia\u0142alno\u015b\u0107 gospodarcza jako najpopularniejsza forma a rozliczenie z organami podatkowymi<\/li>\n<li>dzia\u0142alno\u015b\u0107 nierejestrowana w Polsce<\/li>\n<li>podatki w Polsce<\/li>\n<li>podatek dochodowy od os\u00f3b fizycznych<\/li>\n<li>przychody i koszty podatkowe<\/li>\n<li>dokumentowanie zdarze\u0144 gospodarczych<\/li>\n<li>ksi\u0105\u017cka przychod\u00f3w i koszt\u00f3w<\/li>\n<li>rozliczenie z fiskusem \u2013 karta podatkowa, rycza\u0142t od przychod\u00f3w ewidencjonowanych<\/li>\n<li>podatek VAT w dzia\u0142alno\u015bci nierejestrowanej i rejestrowanej<\/li>\n<li>ZUS i sk\u0142adka zdrowotna<\/li>\n<\/ul>\n<div class=\"wp-block-spacer\" aria-hidden=\"true\"><\/div>\n<p><strong>Cel szkolenia:<\/strong><\/p>\n<p>W ramach szkolenia przedstawiona zostanie niezb\u0119dna wiedza w zakresie aspekt\u00f3w prawnych prowadzenia dzia\u0142alno\u015bci nierejestrowanej i rejestrowanej w Polsce. Na szkoleniu b\u0119d\u0105 om\u00f3wione zagadnienia w zakresie sposob\u00f3w opodatkowania, przychod\u00f3w oraz sposoby rozliczenia z fiskusem. Dodatkowo prowadz\u0105ca om\u00f3wi podatek VAT oraz sk\u0142adk\u0119 zdrowotn\u0105 i ZUS.<\/p>\n<div class=\"wp-block-spacer\" aria-hidden=\"true\"><\/div>\n<p><strong>Prowadz\u0105cy:<\/strong><\/p>\n<p><strong>Justyna Janota<\/strong><br \/>\n\u2013 uko\u0144czy\u0142a m.in. studia magisterskie \u2013 finanse publiczne i podatki, studia podyplomowe \u2013 rachunkowo\u015b\u0107 i audytu wewn\u0119trznego i kontroli finansowej, oraz studia doktoranckie na WPiA US; autorka publikacji o tematyce aspekt\u00f3w prawnych, rachunkowych i podatkowych oraz dotycz\u0105cych podmiot\u00f3w ekonomii spo\u0142ecznej i pomocy publicznej; trener, wyk\u0142adowca i doradca; prezes 2 sp\u00f3\u0142ek oraz fundacji; posiada certyfikat ksi\u0119gowy Ministerstwa Finans\u00f3w, zajmuje si\u0119 przede wszystkim rachunkow\u0105 i podatkow\u0105 obs\u0142ug\u0105 podmiot\u00f3w ekonomii spo\u0142ecznej.<\/p>\n<div class=\"wp-block-spacer\" aria-hidden=\"true\"><\/div>\n<p><strong>Ka\u017cdy uczestnik szkolenia otrzymuje:<\/strong><\/p>\n<ul>\n<li>materia\u0142y szkoleniowe w wersji elektronicznej;<\/li>\n<li>imienny certyfikat uko\u0144czenia szkolenia.<\/li>\n<\/ul>\n<div class=\"wp-block-spacer\" aria-hidden=\"true\"><\/div>\n<p><strong>Co jest potrzebne \u017ceby uczestnicy mogli bra\u0107 udzia\u0142 w szkoleniu:<\/strong><\/p>\n<p>\u2013 komputer z dost\u0119pem do Internetu;<br \/>\n\u2013 dzia\u0142aj\u0105ce g\u0142o\u015bniki lub wedle uznania s\u0142uchawki;<\/p>\n<p>Platforma, na kt\u00f3rej odbywa si\u0119 szkolenie, jest dost\u0119pna bezpo\u015brednio przez przegl\u0105dark\u0119 internetow\u0105, nie jest potrzebne pobieranie specjalnych program\u00f3w.<\/p>\n<\/div>\n<\/div>\n<div class=\"cmsms_column one_first\">\n<\/div>\n<\/div>\n<\/div>\n<\/div>\n<\/div>\n<\/div>\n<div id=\"cmsms_row_69f17d1a5ba0c\" class=\"cmsms_row cmsms_color_scheme_default\">\n<div class=\"cmsms_row_outer_parent\">\n<div class=\"cmsms_row_outer\">\n<div class=\"cmsms_row_inner\">\n<div class=\"cmsms_row_margin\">\n<div class=\"cmsms_column one_first\">\n<div id=\"cmsms_notice_69f17d1a5bb46\" class=\"cmsms_notice cmsms_notice_success cmsms-icon-check-2\">\n<div class=\"notice_icon\"><\/div>\n<div class=\"notice_content\">\n<div><strong>Nab\u00f3r na szkolenie zosta\u0142 zamkni\u0119ty.<\/strong><\/div>\n<div><\/div>\n<div>Dzi\u0119kujemy za zainteresowanie.<\/div>\n<\/div>\n<\/div>\n<\/div>\n<\/div>\n<\/div>\n<\/div>\n<\/div>\n<\/div>\n\n","protected":false},"excerpt":{"rendered":"<p>Ruszy\u0142a rekrutacja\u00a0na\u00a0drugie\u00a0darmowe szkolenie\u00a0w ramach cyklu szkoleniowego w\u00a0Akademii Producenta\u00a0w roku 2023. TEMAT SZKOLENIA: \u201eAspekty prawne i finansowe prowadzenia dzia\u0142alno\u015bci gospodarczej nierejestrowanej i rejestrowanej w Polsce\u201d<\/p>\n","protected":false},"author":1,"featured_media":11320,"comment_status":"open","ping_status":"closed","sticky":false,"template":"","format":"standard","meta":{"footnotes":""},"categories":[55],"tags":[],"class_list":["post-10569","post","type-post","status-publish","format-standard","has-post-thumbnail","hentry","category-szkolenia"],"_links":{"self":[{"href":"https:\/\/lcpr.pl\/zg\/wp-json\/wp\/v2\/posts\/10569","targetHints":{"allow":["GET"]}}],"collection":[{"href":"https:\/\/lcpr.pl\/zg\/wp-json\/wp\/v2\/posts"}],"about":[{"href":"https:\/\/lcpr.pl\/zg\/wp-json\/wp\/v2\/types\/post"}],"author":[{"embeddable":true,"href":"https:\/\/lcpr.pl\/zg\/wp-json\/wp\/v2\/users\/1"}],"replies":[{"embeddable":true,"href":"https:\/\/lcpr.pl\/zg\/wp-json\/wp\/v2\/comments?post=10569"}],"version-history":[{"count":3,"href":"https:\/\/lcpr.pl\/zg\/wp-json\/wp\/v2\/posts\/10569\/revisions"}],"predecessor-version":[{"id":10580,"href":"https:\/\/lcpr.pl\/zg\/wp-json\/wp\/v2\/posts\/10569\/revisions\/10580"}],"wp:featuredmedia":[{"embeddable":true,"href":"https:\/\/lcpr.pl\/zg\/wp-json\/wp\/v2\/media\/11320"}],"wp:attachment":[{"href":"https:\/\/lcpr.pl\/zg\/wp-json\/wp\/v2\/media?parent=10569"}],"wp:term":[{"taxonomy":"category","embeddable":true,"href":"https:\/\/lcpr.pl\/zg\/wp-json\/wp\/v2\/categories?post=10569"},{"taxonomy":"post_tag","embeddable":true,"href":"https:\/\/lcpr.pl\/zg\/wp-json\/wp\/v2\/tags?post=10569"}],"curies":[{"name":"wp","href":"https:\/\/api.w.org\/{rel}","templated":true}]}}