{"id":10567,"date":"2023-02-19T14:42:14","date_gmt":"2023-02-19T13:42:14","guid":{"rendered":"https:\/\/lcpr.pl\/zg\/?p=10567"},"modified":"2024-06-07T12:46:24","modified_gmt":"2024-06-07T10:46:24","slug":"szkolenie-02-03-2023","status":"publish","type":"post","link":"https:\/\/lcpr.pl\/zg\/2023\/02\/19\/szkolenie-02-03-2023\/","title":{"rendered":"Szkolenie 02-03-2023"},"content":{"rendered":"<style type=\"text\/css\"> \n#cmsms_row_69f17d1c288a2 .cmsms_row_outer_parent { \n\tpadding-top: 0px; \n} \n\n#cmsms_row_69f17d1c288a2 .cmsms_row_outer_parent { \n\tpadding-bottom: 50px; \n} \n\n \n#cmsms_row_69f17d1c28b9f .cmsms_row_outer_parent { \n\tpadding-top: 0px; \n} \n\n#cmsms_row_69f17d1c28b9f .cmsms_row_outer_parent { \n\tpadding-bottom: 50px; \n} \n\n<\/style><div id=\"cmsms_row_69f17d1c288a2\" class=\"cmsms_row cmsms_color_scheme_default\">\n<div class=\"cmsms_row_outer_parent\">\n<div class=\"cmsms_row_outer\">\n<div class=\"cmsms_row_inner\">\n<div class=\"cmsms_row_margin\">\n<div class=\"cmsms_column one_first\">\n<div class=\"cmsms_text\">\n<p class=\"has-vivid-red-color has-text-color\">Ruszy\u0142a rekrutacja\u00a0na\u00a0<strong>pierwsze\u00a0darmowe szkolenie<\/strong>\u00a0w ramach cyklu szkoleniowego w\u00a0<strong>Akademii Producenta<\/strong>\u00a0w roku 2023.<\/p>\n<h3 class=\"has-vivid-red-color has-text-color wp-block-heading\"><strong>UWAGA:<\/strong><br \/>\nszkolenie stacjonarne<strong>\u00a0\u2013 na terenie Regionalnego Centrum Animacji Kultury \u2013 ul. Sienkiewicza 11, 65-431 Zielona G\u00f3ra \u2013 Sala Magnacka<\/strong><\/h3>\n<div class=\"wp-block-spacer\" aria-hidden=\"true\"><\/div>\n<p><strong>TEMAT SZKOLENIA:<\/strong><\/p>\n<h1 class=\"wp-block-heading\">\u201e<strong>Kreatywno\u015b\u0107 w przedsi\u0119biorczo\u015bci\u201d<\/strong><\/h1>\n<p><em>Je\u017celi kto\u015b z Pa\u0144stwa jest zainteresowany materia\u0142ami ze zrealizowanego szkolenia, prosimy o kontakt pod adresem: sekretariat@lcpr.pl<\/em>.<\/p>\n<div class=\"wp-block-spacer\" aria-hidden=\"true\"><\/div>\n<p class=\"has-luminous-vivid-orange-color has-text-color has-medium-font-size\"><strong>Rekrutacja trwa od 23.02.2023 do 01.03.2023 (do godz. 15:00)<\/strong>\u00a0(liczba miejsc ograniczona).<\/p>\n<p class=\"has-vivid-red-color has-text-color\">Termin szkolenia:\u00a0<strong>02 marca (czwartek) w godzinach: 10:00-14:00 w Regionalnym Centrum Animacji Kultury \u2013 Sala Magnacka<\/strong>.<\/p>\n<div class=\"wp-block-spacer\" aria-hidden=\"true\"><\/div>\n<p><strong>Program szkolenia:<\/strong><\/p>\n<ol>\n<li><strong>Kreatywno\u015b\u0107<\/strong>\u00a0\u2013 czym jest? Czym si\u0119 przejawia? Jakie sfery w przedsi\u0119biorczo\u015bci mo\u017ce obejmowa\u0107?<\/li>\n<li><strong>Kreatywno\u015b\u0107 na etapie uruchamiania dzia\u0142alno\u015bci.<\/strong>\u00a0Od czego zacz\u0105\u0107? Analiza otoczenia.<\/li>\n<li><strong>Co mo\u017ce pom\u00f3c przedsi\u0119biorcy?<\/strong>: dzia\u0142anie grupowe; uzupe\u0142nianie si\u0119 na rynku; odpowiedzialno\u015b\u0107 spo\u0142eczna; wizerunek.<\/li>\n<li><strong>Kilka pomocnych zasad<\/strong>\u00a0w przedsi\u0119biorczo\u015bci.<\/li>\n<li><strong>Popularne i modne<\/strong>\u00a0kierunki rozwoju przedsi\u0119biorczo\u015bci \u2013 obecne trendy i do\u015bwiadczenia.<\/li>\n<li><strong>Przyk\u0142ady my\u015blenia kreatywnego w dzia\u0142aniu<\/strong>: przedsi\u0119wzi\u0119cie kompleksowe; wie\u015b tematyczna i jej produkty; sklep kreatywny; dochody \u201cprzy okazji\u201d\u2026<\/li>\n<li><strong>Poszukiwanie p\u0142aszczyzn kreatywno\u015bci w podstawach marketingu<\/strong>: marketing i promocja \u2013 podstawy w pigu\u0142ce; reklama \/ antyreklama \u2013 przyk\u0142ady; reklama wzajemna \u2013 przyk\u0142ady; sp\u00f3jno\u015b\u0107 w przekazie marketingowym.<\/li>\n<li><strong>Niestandardowe, kreatywne formy promocji<\/strong>; marketing kontrowersyjny, niestandardowy,<br \/>\nup-stream; rzetelno\u015b\u0107 promocji.<\/li>\n<li><strong>Media spo\u0142eczno\u015bciowe w promocji<\/strong>\u00a0\u2013 kilka podstawowych zasad i przyk\u0142ad\u00f3w; kreatywne wykorzystanie.<\/li>\n<li><strong>Kilka dodatkowych impuls\u00f3w kreatywno\u015bci<\/strong>\u00a0\u2013 gie\u0142da pomys\u0142\u00f3w<\/li>\n<li><strong>Inicjatywa LEADER w nowej perspektywie finansowej 2024-2027<\/strong>\u00a0\u2013 co dla przedsi\u0119biorcy wiejskiego? Rodzaje i poziomy wsparcia, rodzaje operacji obj\u0119tych dofinansowaniem.<\/li>\n<li>Podsumowanie szkolenia, dyskusja, odpowiedzi na pytania, konsultacje z uczestnikami.<\/li>\n<li>Informacje o szkoleniach \u201e<strong>Przedsi\u0119biorczo\u015b\u0107 w praktyce 2023<\/strong>\u201d oraz o konkursie \u201e<strong>Spos\u00f3b na Sukces<\/strong>\u201d.<\/li>\n<\/ol>\n<div class=\"wp-block-spacer\" aria-hidden=\"true\"><\/div>\n<p><strong>Cel szkolenia:<\/strong><\/p>\n<p>Celem szkolenia jest zwr\u00f3cenie uwagi uczestnik\u00f3w na istotn\u0105 rol\u0119 kreatywno\u015bci w biznesie \u2013 na r\u00f3\u017cnych etapach jego rozwoju. W ciekawy spos\u00f3b, przedstawione zostan\u0105 zagadnienia dotycz\u0105ce\u00a0<strong>poszukiwania kreatywno\u015bci w pomy\u015ble na biznes<\/strong>, od momentu uruchamiania dzia\u0142alno\u015bci, po\u00a0<strong>dzia\u0142ania promocyjne i organizacyjne<\/strong>. Zastanowimy si\u0119 nad tym,\u00a0<strong>co mo\u017ce pom\u00f3c przedsi\u0119biorcy w kreatywnym dzia\u0142aniu<\/strong>, jakie s\u0105\u00a0<strong>istotne zasady u\u0142atwiaj\u0105ce dzia\u0142anie<\/strong>\u00a0w dzisiejszym biznesie na obszarach wiejskich. Przedstawione zostan\u0105 liczne\u00a0<strong>przyk\u0142ady, zar\u00f3wno popularnych i modnych, jak i niszowych dzia\u0142alno\u015bci,\u00a0<\/strong>wraz z ich plusami i minusami. Kreatywno\u015bci poszukamy tak\u017ce w\u00a0<strong>podstawach marketingu<\/strong>, kt\u00f3rego elementy zostan\u0105 przedstawione pod tym w\u0142a\u015bnie k\u0105tem \u2013 czym jest\u00a0<strong>promocja<\/strong>, a czym\u00a0<strong>reklama<\/strong>? Jaka reklama jest antyreklam\u0105, a\u00a0<strong>jaki marketing mo\u017ce by\u0107 \u017ale przyj\u0119ty lub kontrowersyjny<\/strong>? Jak dobrze wykorzysta\u0107\u00a0<strong>niestandardowe formy promocji<\/strong>, by by\u0107 innym, ale rzetelnym w przekazie marketingowym.<\/p>\n<div class=\"wp-block-spacer\" aria-hidden=\"true\"><\/div>\n<p><strong>Prowadz\u0105cy:<\/strong><\/p>\n<p><strong>Grzegorz Cetner<\/strong>\u00a0\u2013 do\u015bwiadczony prezenter, szkoleniowiec, ekspert w zakresie planowania strategicznego i rozwoju wsi. Zajmuj\u0105cy si\u0119 od wielu lat odnow\u0105 wsi, organizacjami pozarz\u0105dowymi, inicjatyw\u0105 LEADER oraz tematyk\u0105 przedsi\u0119biorczo\u015bci i r\u00f3\u017cnorodnymi pozarolniczymi inicjatywami na polskiej wsi.<br \/>\nPrywatnie: mi\u0142o\u015bnik trekkingu, g\u00f3r, nalewkarz i poszukiwacz \u015blad\u00f3w historii.<\/p>\n<div class=\"wp-block-spacer\" aria-hidden=\"true\"><\/div>\n<p><strong>Ka\u017cdy uczestnik szkolenia otrzymuje:<\/strong><\/p>\n<ul>\n<li>materia\u0142y szkoleniowe w wersji elektronicznej;<\/li>\n<li>imienny certyfikat uko\u0144czenia szkolenia.<\/li>\n<\/ul>\n<p class=\"has-luminous-vivid-orange-color has-text-color\"><strong>W szkoleniu udzia\u0142 mog\u0105 wzi\u0105\u0107 tylko osoby zarejestrowane w bazie producent\u00f3w Lubuskiego Centrum Produktu Regionalnego!<\/strong><br \/>\n<strong>Nie ma Ci\u0119?\u00a0<a href=\"https:\/\/lcpr.pl\/ankieta\" target=\"_blank\" rel=\"noreferrer noopener\">Do\u0142\u0105cz\u00a0<\/a><\/strong><a href=\"https:\/\/lcpr.pl\/zg\/ankieta\" target=\"_blank\" rel=\"noreferrer noopener\">(kliknij tu)<\/a><strong>\u00a0i wsp\u00f3\u0142pracuj z Lubuskim Centrum Produktu Regionalnego!<\/strong><\/p>\n<p><em>* W razie pyta\u0144, w\u0105tpliwo\u015bci prosimy o kontakt pod numerem telefonu: 501\u00a0045\u00a0876.<\/em><\/p>\n<\/div>\n<\/div>\n<div class=\"cmsms_column one_first\">\n<\/div>\n<\/div>\n<\/div>\n<\/div>\n<\/div>\n<\/div>\n<div id=\"cmsms_row_69f17d1c28b9f\" class=\"cmsms_row cmsms_color_scheme_default\">\n<div class=\"cmsms_row_outer_parent\">\n<div class=\"cmsms_row_outer\">\n<div class=\"cmsms_row_inner\">\n<div class=\"cmsms_row_margin\">\n<div class=\"cmsms_column one_first\">\n<div id=\"cmsms_notice_69f17d1c28bfd\" class=\"cmsms_notice cmsms_notice_success cmsms-icon-check-2\">\n<div class=\"notice_icon\"><\/div>\n<div class=\"notice_content\">\n<div><strong>Nab\u00f3r na szkolenie zosta\u0142 zamkni\u0119ty.<\/strong><\/div>\n<div><\/div>\n<div>Dzi\u0119kujemy za zainteresowanie.<\/div>\n<\/div>\n<\/div>\n<\/div>\n<\/div>\n<\/div>\n<\/div>\n<\/div>\n<\/div>\n\n","protected":false},"excerpt":{"rendered":"<p>Ruszy\u0142a rekrutacja\u00a0na\u00a0pierwsze\u00a0darmowe szkolenie\u00a0w ramach cyklu szkoleniowego w\u00a0Akademii Producenta\u00a0w roku 2023. TEMAT SZKOLENIA: \u201eKreatywno\u015b\u0107 w przedsi\u0119biorczo\u015bci\u201d.<\/p>\n","protected":false},"author":1,"featured_media":11318,"comment_status":"open","ping_status":"closed","sticky":false,"template":"","format":"standard","meta":{"footnotes":""},"categories":[55],"tags":[],"class_list":["post-10567","post","type-post","status-publish","format-standard","has-post-thumbnail","hentry","category-szkolenia"],"_links":{"self":[{"href":"https:\/\/lcpr.pl\/zg\/wp-json\/wp\/v2\/posts\/10567","targetHints":{"allow":["GET"]}}],"collection":[{"href":"https:\/\/lcpr.pl\/zg\/wp-json\/wp\/v2\/posts"}],"about":[{"href":"https:\/\/lcpr.pl\/zg\/wp-json\/wp\/v2\/types\/post"}],"author":[{"embeddable":true,"href":"https:\/\/lcpr.pl\/zg\/wp-json\/wp\/v2\/users\/1"}],"replies":[{"embeddable":true,"href":"https:\/\/lcpr.pl\/zg\/wp-json\/wp\/v2\/comments?post=10567"}],"version-history":[{"count":1,"href":"https:\/\/lcpr.pl\/zg\/wp-json\/wp\/v2\/posts\/10567\/revisions"}],"predecessor-version":[{"id":10568,"href":"https:\/\/lcpr.pl\/zg\/wp-json\/wp\/v2\/posts\/10567\/revisions\/10568"}],"wp:featuredmedia":[{"embeddable":true,"href":"https:\/\/lcpr.pl\/zg\/wp-json\/wp\/v2\/media\/11318"}],"wp:attachment":[{"href":"https:\/\/lcpr.pl\/zg\/wp-json\/wp\/v2\/media?parent=10567"}],"wp:term":[{"taxonomy":"category","embeddable":true,"href":"https:\/\/lcpr.pl\/zg\/wp-json\/wp\/v2\/categories?post=10567"},{"taxonomy":"post_tag","embeddable":true,"href":"https:\/\/lcpr.pl\/zg\/wp-json\/wp\/v2\/tags?post=10567"}],"curies":[{"name":"wp","href":"https:\/\/api.w.org\/{rel}","templated":true}]}}