{"id":10560,"date":"2022-04-10T14:37:11","date_gmt":"2022-04-10T12:37:11","guid":{"rendered":"https:\/\/lcpr.pl\/zg\/?p=10560"},"modified":"2024-06-07T12:36:40","modified_gmt":"2024-06-07T10:36:40","slug":"szkolenie-21-04-2022","status":"publish","type":"post","link":"https:\/\/lcpr.pl\/zg\/2022\/04\/10\/szkolenie-21-04-2022\/","title":{"rendered":"Szkolenie 21-04-2022"},"content":{"rendered":"<style type=\"text\/css\"> \n#cmsms_row_69f17c5c4425c .cmsms_row_outer_parent { \n\tpadding-top: 0px; \n} \n\n#cmsms_row_69f17c5c4425c .cmsms_row_outer_parent { \n\tpadding-bottom: 50px; \n} \n\n \n#cmsms_row_69f17c5c444b6 .cmsms_row_outer_parent { \n\tpadding-top: 0px; \n} \n\n#cmsms_row_69f17c5c444b6 .cmsms_row_outer_parent { \n\tpadding-bottom: 50px; \n} \n\n<\/style><div id=\"cmsms_row_69f17c5c4425c\" class=\"cmsms_row cmsms_color_scheme_default\">\n<div class=\"cmsms_row_outer_parent\">\n<div class=\"cmsms_row_outer\">\n<div class=\"cmsms_row_inner\">\n<div class=\"cmsms_row_margin\">\n<div class=\"cmsms_column one_first\">\n<div class=\"cmsms_text\">\n<p>Ruszy\u0142a rekrutacja na drugie darmowe szkolenie ONLINE pt.\u00a0<strong>\u201eCykl szkole\u0144 wiosennych\u201d:<\/strong><\/p>\n<p><strong>Szkolenie 2. ONLINE<\/strong><br \/>\n<strong>Najwa\u017cniejsze za\u0142o\u017cenia polskiego \u0142adu dla przedsi\u0119biorc\u00f3w. Inne istotne kwestie podatkowe dla producent\u00f3w.<\/strong><\/p>\n<div class=\"wp-block-spacer\" aria-hidden=\"true\"><\/div>\n<p class=\"has-text-align-center has-vivid-red-color has-text-color\"><strong>UWAGA<\/strong><\/p>\n<p class=\"has-vivid-red-color has-text-color\"><strong>W szkoleniu udzia\u0142 mog\u0105 wzi\u0105\u0107 tylko osoby zarejestrowane w bazie producent\u00f3w Lubuskiego Centrum Produktu Regionalnego!<\/strong><br \/>\n<strong>Nie ma Ci\u0119?\u00a0<a href=\"https:\/\/lcpr.pl\/zg\/ankieta\">Do\u0142\u0105cz\u00a0<\/a><\/strong><a href=\"https:\/\/lcpr.pl\/zg\/ankieta\">(kliknij tu)<\/a><strong>\u00a0i wsp\u00f3\u0142pracuj z Lubuskim Centrum Produktu Regionalnego.<\/strong><\/p>\n<p><strong>Rekrutacja trwa od 11.04.2022 do 19.04.2022 (do godz. 15:30)<\/strong>\u00a0(liczba miejsc ograniczona)<\/p>\n<p>Termin szkolenia:\u00a0<strong>21 kwietnia (czwartek) godz. 14:00-18:00.<\/strong><\/p>\n<p>Prowadz\u0105cy:<br \/>\n<strong>Justyna Janota<\/strong>\u00a0\u2013 absolwentka studi\u00f3w magisterskich z zakresu finans\u00f3w publicznych i podatk\u00f3w, studi\u00f3w podyplomowych z zakresu rachunkowo\u015bci oraz audytu wewn\u0119trznego i kontroli finansowej. Uko\u0144czy\u0142a studia doktoranckie na Wydziale Prawa i Administracji Uniwersytetu \u015al\u0105skiego.<br \/>\nOd 10 lat prowadzi obs\u0142ug\u0119 ksi\u0119gow\u0105 pe\u0142nej rachunkowo\u015bci, w szczeg\u00f3lno\u015bci dla sp\u00f3\u0142dzielni, podmiot\u00f3w ekonomii spo\u0142ecznej, jak r\u00f3wnie\u017c w bran\u017cach w zakresie e-comerce (sprzeda\u017cy internetowej).<br \/>\nAutorka publikacji po\u015bwi\u0119conych tematyce aspekt\u00f3w prawnych, rachunkowych i podatkowych oraz dotycz\u0105cych podmiot\u00f3w ekonomii spo\u0142ecznej i pomocy publicznej. Trener, wyk\u0142adowca i doradca. Prezes dw\u00f3ch Fundacji oraz Sp\u00f3\u0142dzielni Socjalnej. Posiada certyfikat ksi\u0119gowy Ministerstwa Finans\u00f3w. Swoje do\u015bwiadczenie zawodowe zdobywa\u0142a, pracuj\u0105c wiele lat w Izbie Skarbowej w Katowicach oraz w Urz\u0119dzie Miasta Katowice. Pe\u0142ni\u0142a r\u00f3wnie\u017c funkcj\u0119 cz\u0142onka Samorz\u0105dowego Kolegium Odwo\u0142awczego.<\/p>\n<p><strong>Program szkolenia:<\/strong><\/p>\n<p>Modu\u0142 1. Nowy gospodarczy Polski \u0141ad \u2013 obszary zmian. Polski \u0141ad w podatkach.<br \/>\na) Zmiany w skali podatkowej;<br \/>\nb) Kwota wolna od podatku dochodowego od os\u00f3b fizycznych;<br \/>\nc) Rycza\u0142t z tytu\u0142u u\u017cywania samochodu s\u0142u\u017cbowego do cel\u00f3w prywatnych;<br \/>\nd) Obni\u017cenie koszt\u00f3w uzyskania przychodu.<\/p>\n<p>Modu\u0142 2. Polski \u0141ad w sk\u0142adce zdrowotnej.<br \/>\na) Sk\u0142adka zdrowotna os\u00f3b prowadz\u0105cych dzia\u0142alno\u015b\u0107 gospodarcz\u0105: rozliczenia na zasadach og\u00f3lnych, w podatku liniowym i rycza\u0142cie a sk\u0142adka zdrowotna;<br \/>\nb) Sk\u0142adka zdrowotna od powo\u0142ania cz\u0142onk\u00f3w Zarz\u0105du;<br \/>\nc) Poj\u0119cie sk\u0142adki minimalnej \u2013 co oznacza w praktyce;<br \/>\nd) Sk\u0142adka zdrowotna a koszty uzyskania przychod\u00f3w.<\/p>\n<p>Modu\u0142 3. Polski \u0141ad \u2013 nowe ulgi i zwolnienia dla pracownik\u00f3w.<br \/>\na) Podwy\u017cszenie kwoty wolnej od podatku<br \/>\nb) Ulga dla klasy \u015bredniej|<br \/>\nc) Odliczanie sk\u0142adek do zwi\u0105zk\u00f3w zawodowych<br \/>\nd) Ulga dla pracownik\u00f3w i zleceniobiorc\u00f3w, kt\u00f3rzy uko\u0144czyli 60 r.\u017c.<br \/>\ne) Przychody pracownika z tytu\u0142u nielegalnego zatrudnienia<\/p>\n<p>Modu\u0142 4. Specyficzne rozwi\u0105zania przewidziane w Nowym \u0141adzie.<br \/>\na) Zaprzestanie poboru zaliczki na podatek dochodowy na wniosek podatnika<br \/>\nb) Rezygnacja ze stosowania pracowniczych koszt\u00f3w uzyskania przychodu na wniosek<\/p>\n<p>Modu\u0142 5. Nielegalne zatrudnienie w Polskim \u0141adzie.<br \/>\na) Definicja ustawowa<br \/>\nb) Skutki dla podmiotu zatrudniaj\u0105cego w stosunku do sk\u0142adek i podatk\u00f3w<\/p>\n<p>Modu\u0142 6. Zmiany w amortyzacji i leasingu w PIT i CIT w Polskim \u0141adzie.<br \/>\na) Zmiany w poj\u0119ciu amortyzacji;<br \/>\nb) Brak mo\u017cliwo\u015bci amortyzacji budynk\u00f3w oraz lokali mieszkalnych;<br \/>\nc) Sp\u00f3\u0142ki transgraniczne a amortyzacja;<br \/>\nd) Zmiana stawki przy sp\u00f3\u0142dzielczym prawie do lokalu u\u017cytkowego;<br \/>\ne) Przekszta\u0142cenia podmiot\u00f3w a zasady amortyzacji;<br \/>\nf) Zmiany w K\u015aT i stawkach amortyzacyjnych;<br \/>\ng) Zakaz wykupu przedmiotu leasingu przez osob\u0119 fizyczn\u0105 prywatn\u0105;<\/p>\n<p><strong>Ka\u017cdy uczestnik szkolenia otrzymuje:<\/strong><\/p>\n<ul>\n<li>materia\u0142y szkoleniowe w wersji elektronicznej;<\/li>\n<li>imienny certyfikat uko\u0144czenia szkolenia.<\/li>\n<\/ul>\n<p><strong>Po szkoleniu ka\u017cdy uczestnik b\u0119dzie mia\u0142 mo\u017cliwo\u015b\u0107 konsultacji z Prowadz\u0105cym szkolenie w specjalnie wyznaczonym terminie.<\/strong><\/p>\n<p>Co jest potrzebne \u017ceby uczestnicy mogli bra\u0107 udzia\u0142 w szkoleniu:<\/p>\n<p>\u2013 komputer z dost\u0119pem do Internetu,<br \/>\n\u2013 dzia\u0142aj\u0105ce g\u0142o\u015bniki lub wedle uznania s\u0142uchawki.<\/p>\n<p>Platforma, na kt\u00f3rej odbywa si\u0119 szkolenie, jest dost\u0119pna bezpo\u015brednio przez przegl\u0105dark\u0119 internetow\u0105, nie jest potrzebne pobieranie specjalnych program\u00f3w.<\/p>\n<\/div>\n<\/div>\n<div class=\"cmsms_column one_first\">\n<\/div>\n<\/div>\n<\/div>\n<\/div>\n<\/div>\n<\/div>\n<div id=\"cmsms_row_69f17c5c444b6\" class=\"cmsms_row cmsms_color_scheme_default\">\n<div class=\"cmsms_row_outer_parent\">\n<div class=\"cmsms_row_outer\">\n<div class=\"cmsms_row_inner\">\n<div class=\"cmsms_row_margin\">\n<div class=\"cmsms_column one_first\">\n<div id=\"cmsms_notice_69f17c5c4451b\" class=\"cmsms_notice cmsms_notice_success cmsms-icon-check-2\">\n<div class=\"notice_icon\"><\/div>\n<div class=\"notice_content\">\n<div><strong>Nab\u00f3r na szkolenie zosta\u0142 zamkni\u0119ty.<\/strong><\/div>\n<div><\/div>\n<div>Dzi\u0119kujemy za zainteresowanie.<\/div>\n<\/div>\n<\/div>\n<\/div>\n<\/div>\n<\/div>\n<\/div>\n<\/div>\n<\/div>\n\n","protected":false},"excerpt":{"rendered":"<p>Ruszy\u0142a rekrutacja na pierwsze darmowe szkolenie ONLINE pt.\u00a0\u201eCykl szkole\u0144 wiosennych\u201d: Szkolenie 2. ONLINE: Najwa\u017cniejsze za\u0142o\u017cenia polskiego \u0142adu dla przedsi\u0119biorc\u00f3w. Inne istotne kwestie podatkowe dla producent\u00f3w.<\/p>\n","protected":false},"author":1,"featured_media":11316,"comment_status":"open","ping_status":"closed","sticky":false,"template":"","format":"standard","meta":{"footnotes":""},"categories":[55],"tags":[],"class_list":["post-10560","post","type-post","status-publish","format-standard","has-post-thumbnail","hentry","category-szkolenia"],"_links":{"self":[{"href":"https:\/\/lcpr.pl\/zg\/wp-json\/wp\/v2\/posts\/10560","targetHints":{"allow":["GET"]}}],"collection":[{"href":"https:\/\/lcpr.pl\/zg\/wp-json\/wp\/v2\/posts"}],"about":[{"href":"https:\/\/lcpr.pl\/zg\/wp-json\/wp\/v2\/types\/post"}],"author":[{"embeddable":true,"href":"https:\/\/lcpr.pl\/zg\/wp-json\/wp\/v2\/users\/1"}],"replies":[{"embeddable":true,"href":"https:\/\/lcpr.pl\/zg\/wp-json\/wp\/v2\/comments?post=10560"}],"version-history":[{"count":1,"href":"https:\/\/lcpr.pl\/zg\/wp-json\/wp\/v2\/posts\/10560\/revisions"}],"predecessor-version":[{"id":10561,"href":"https:\/\/lcpr.pl\/zg\/wp-json\/wp\/v2\/posts\/10560\/revisions\/10561"}],"wp:featuredmedia":[{"embeddable":true,"href":"https:\/\/lcpr.pl\/zg\/wp-json\/wp\/v2\/media\/11316"}],"wp:attachment":[{"href":"https:\/\/lcpr.pl\/zg\/wp-json\/wp\/v2\/media?parent=10560"}],"wp:term":[{"taxonomy":"category","embeddable":true,"href":"https:\/\/lcpr.pl\/zg\/wp-json\/wp\/v2\/categories?post=10560"},{"taxonomy":"post_tag","embeddable":true,"href":"https:\/\/lcpr.pl\/zg\/wp-json\/wp\/v2\/tags?post=10560"}],"curies":[{"name":"wp","href":"https:\/\/api.w.org\/{rel}","templated":true}]}}