{"id":10549,"date":"2021-02-10T14:26:28","date_gmt":"2021-02-10T13:26:28","guid":{"rendered":"https:\/\/lcpr.pl\/zg\/?p=10549"},"modified":"2024-06-07T12:30:45","modified_gmt":"2024-06-07T10:30:45","slug":"szkolenie-18-02-2021","status":"publish","type":"post","link":"https:\/\/lcpr.pl\/zg\/2021\/02\/10\/szkolenie-18-02-2021\/","title":{"rendered":"Szkolenie 18-02-2021"},"content":{"rendered":"<style type=\"text\/css\"> \n#cmsms_row_69f17d1bdf2b0 .cmsms_row_outer_parent { \n\tpadding-top: 0px; \n} \n\n#cmsms_row_69f17d1bdf2b0 .cmsms_row_outer_parent { \n\tpadding-bottom: 50px; \n} \n\n \n#cmsms_row_69f17d1bdf564 .cmsms_row_outer_parent { \n\tpadding-top: 0px; \n} \n\n#cmsms_row_69f17d1bdf564 .cmsms_row_outer_parent { \n\tpadding-bottom: 50px; \n} \n\n<\/style><div id=\"cmsms_row_69f17d1bdf2b0\" class=\"cmsms_row cmsms_color_scheme_default\">\n<div class=\"cmsms_row_outer_parent\">\n<div class=\"cmsms_row_outer\">\n<div class=\"cmsms_row_inner\">\n<div class=\"cmsms_row_margin\">\n<div class=\"cmsms_column one_first\">\n<div class=\"cmsms_text\">\n<p><strong>Ruszy\u0142a rekrutacja<\/strong>\u00a0na pierwsze darmowe szkolenie ONLINE w roku 2021 w ramach cyklu szkoleniowego w\u00a0<strong>Akademii Producenta.<\/strong><\/p>\n<p><strong><u>TEMAT SZKOLENIA:<\/u><\/strong><\/p>\n<h2 class=\"wp-block-heading\">\u201e<strong>Dofinansowania dla producent\u00f3w rozpoczynaj\u0105cych i prowadz\u0105cych dzia\u0142alno\u015b\u0107:<\/strong><br \/>\n<strong>Premia 60 tys. dla Ma\u0142ych Gospodarstw (Restrukturyzacja Ma\u0142ych Gospodarstw)\u201d<\/strong><\/h2>\n<h4 class=\"has-vivid-red-color has-text-color wp-block-heading\"><em><strong>Je\u017celi kto\u015b z Pa\u0144stwa, jest zainteresowany materia\u0142ami ze zrealizowanego szkolenia, prosz\u0119 o kontakt na sekretariat@lcpr.pl<\/strong><\/em><\/h4>\n<p><span class=\"has-inline-color has-black-color\"><strong>Rekrutacja trwa od 11.02.2021 do 17.02.2021 (do godz. 10:00)<\/strong><br \/>\n(liczba miejsc ograniczona)<\/span><\/p>\n<p class=\"has-medium-font-size\">Termin szkolenia:\u00a0<strong>18 lutego (czwartek) w godzinach: 14:00-18:00.<\/strong><\/p>\n<p><strong><u>PROWADZ\u0104CY:<\/u><\/strong><br \/>\n<strong>Artur Zwiech<\/strong>\u00a0\u2013 od 4 lat zajmuje si\u0119 kompleksow\u0105 obs\u0142ug\u0105 wniosk\u00f3w w zakresie Poddzia\u0142ania 6.3. W tym czasie pozyska\u0142 dofinansowanie dla 23 rolnik\u00f3w. Wsp\u00f3\u0142pracuje r\u00f3wnie\u017c w tym zakresie z ARiMR. Prezes Fundacji Inicjatyw \u201cJestem Przedsi\u0119biorczy\u201d. W ramach fundacji zajmuje si\u0119 r\u00f3wnie\u017c kompleksow\u0105 obs\u0142ug\u0105 wniosk\u00f3w i przygotowaniem biznesplan\u00f3w w zakresie: Pomoc na rozpocz\u0119cie pozarolniczej dzia\u0142alno\u015bci gospodarczej na obszarach wiejskich oraz Premia dla m\u0142odych rolnik\u00f3w.<\/p>\n<p><strong><u>PROGRAM SZKOLENIA:<\/u><\/strong><\/p>\n<ol>\n<li>Om\u00f3wienie grupy docelowej.<\/li>\n<li>Om\u00f3wienie systemu punktowego naboru.<\/li>\n<li>Przedstawienie zakresu rzeczowego na jakie mo\u017ce zosta\u0107 przeznaczona premia.<\/li>\n<li>Om\u00f3wienie druku wniosku, druku biznesplanu oraz za\u0142\u0105cznik\u00f3w.<\/li>\n<li>Om\u00f3wienie zagadnie\u0144 zwi\u0105zanych z rozliczeniem premii.<\/li>\n<\/ol>\n<p><strong><u>DLA KOGO JEST SZKOLENIE:<\/u><\/strong><\/p>\n<p>Premia mo\u017ce zosta\u0107 przyznana\u00a0\u00a0<strong>rolnikowi<\/strong>, je\u017celi m.in.:<\/p>\n<ul>\n<li>jest posiadaczem samoistnym lub zale\u017cnym:\u00a0gospodarstwa rolnego, obejmuj\u0105cego co najmniej 1 ha grunt\u00f3w ornych, sad\u00f3w, \u0142\u0105k trwa\u0142ych, pastwisk trwa\u0142ych, grunt\u00f3w rolnych zabudowanych, grunt\u00f3w pod stawami lub grunt\u00f3w pod rowami, lub\u00a0\u00a0nieruchomo\u015bci s\u0142u\u017c\u0105cej do prowadzenia produkcji w zakresie dzia\u0142\u00f3w specjalnych produkcji rolnej,\u00a0po\u0142o\u017conych na terytorium Rzeczypospolitej Polskiej,<\/li>\n<li>wielko\u015b\u0107 ekonomiczna gospodarstwa jest mniejsza ni\u017c 13 tys. euro;<\/li>\n<li>jest obywatelem pa\u0144stwa cz\u0142onkowskiego Unii Europejskiej;<\/li>\n<li>jest pe\u0142noletni w dniu z\u0142o\u017cenia wniosku;<\/li>\n<li>przed\u0142o\u017cy\u0142 biznesplan dotycz\u0105cy rozwoju gospodarstwa oraz zobowi\u0105za\u0142 si\u0119 do jego realizacji;<\/li>\n<li>nie otrzyma\u0142 pomocy w ramach innych nabor\u00f3w;<\/li>\n<li>w gospodarstwie, kt\u00f3rego jest posiadaczem, prowadzi w celach zarobkowych, osobi\u015bcie i na w\u0142asny rachunek, dzia\u0142alno\u015b\u0107 rolnicz\u0105 w zakresie produkcji ro\u015blinnej lub zwierz\u0119cej, z wy\u0142\u0105czeniem chowu i hodowli ryb.<\/li>\n<\/ul>\n<p>Uznaje si\u0119, \u017ce rolnik prowadzi dzia\u0142alno\u015b\u0107 rolnicz\u0105 w celach zarobkowych, je\u017celi:<\/p>\n<ul>\n<li>jego dochody z rolnictwa \u2013 stanowi\u0105 co najmniej 25% jego wszystkich dochod\u00f3w lub<\/li>\n<li>jego przychody z rolnictwa \u2013 stanowi\u0105 co najmniej 25% wszystkich jego przychod\u00f3w;<\/li>\n<li>dzia\u0142alno\u015b\u0107 ta nie jest prowadzona w celach naukowo-badawczych.<\/li>\n<\/ul>\n<p><strong><u>FORMA I WYSOKO\u015a\u0106 POMOCY:<\/u><\/strong><\/p>\n<p>Premia w wysoko\u015bci\u00a0<strong>60 tys. z\u0142<\/strong>\u00a0(jednak nie wi\u0119cej ni\u017c r\u00f3wnowarto\u015b\u0107 15 tys. euro), p\u0142atna jest w II ratach:<\/p>\n<ul>\n<li>I rata \u2013 80% ca\u0142kowitej warto\u015bci pomocy, ale nie wi\u0119cej ni\u017c 48 tys. z\u0142\u00a0(wniosek o p\u0142atno\u015b\u0107 I raty sk\u0142ada si\u0119 w terminie 6 miesi\u0119cy od dnia dor\u0119czenia decyzji o przyznaniu pomocy);<\/li>\n<li>II rata \u2013 20% ca\u0142kowitej warto\u015bci pomocy, ale nie wi\u0119cej ni\u017c 12 tys. z\u0142\u00a0(wniosek o p\u0142atno\u015b\u0107 II raty sk\u0142ada si\u0119 po realizacji biznesplanu, jednak nie p\u00f3\u017aniej ni\u017c do dnia up\u0142ywu 3 lat od dnia wyp\u0142aty pierwszej raty pomocy i nie p\u00f3\u017aniej ni\u017c do dnia 31 sierpnia 2023 r.).<\/li>\n<\/ul>\n<p>Pomoc w tym zakresie przyznaje si\u0119 na dane gospodarstwo tylko raz.<\/p>\n<p><strong>Ka\u017cdy uczestnik szkolenia otrzymuje:<\/strong><\/p>\n<ul>\n<li>materia\u0142y szkoleniowe w wersji elektronicznej;<\/li>\n<li>imienny certyfikat uko\u0144czenia szkolenia.<\/li>\n<\/ul>\n<p><strong>Po szkoleniu ka\u017cdy uczestnik b\u0119dzie mia\u0142 mo\u017cliwo\u015b\u0107 konsultacji z Prowadz\u0105cym szkolenie w specjalnie wyznaczonym terminie.<\/strong><\/p>\n<p><strong>Co jest potrzebne \u017ceby uczestnicy mogli bra\u0107 udzia\u0142 w szkoleniu:<\/strong><\/p>\n<p>\u2013 komputer z dost\u0119pem do Internetu;<br \/>\n\u2013 dzia\u0142aj\u0105ce g\u0142o\u015bniki lub wedle uznania s\u0142uchawki;<\/p>\n<p>Platforma, na kt\u00f3rej odbywa si\u0119 szkolenie, jest dost\u0119pna bezpo\u015brednio przez przegl\u0105dark\u0119 internetow\u0105, nie jest potrzebne pobieranie specjalnych program\u00f3w.<\/p>\n<p class=\"has-text-align-left has-black-color has-text-color has-medium-font-size\"><strong>UWAGA:<br \/>\nW szkoleniu udzia\u0142 mog\u0105 wzi\u0105\u0107 tylko osoby zarejestrowane w bazie producent\u00f3w Lubuskiego Centrum Produktu Regionalnego!<\/strong><br \/>\n<strong>Nie ma Ci\u0119?\u00a0<a href=\"https:\/\/lcpr.pl\/zg\/ankieta\/\" data-type=\"URL\" data-id=\"https:\/\/lcpr.pl\/ankieta\/\"><em>Do\u0142\u0105cz<\/em><\/a>\u00a0i wsp\u00f3\u0142pracuj z Lubuskim Centrum Produktu Regionalnego.<\/strong><\/p>\n<p><em>*W razie pyta\u0144, w\u0105tpliwo\u015bci prosimy o kontakt pod numerem telefonu: 501\u00a0045\u00a0876<\/em><\/p>\n<\/div>\n<\/div>\n<div class=\"cmsms_column one_first\">\n<\/div>\n<\/div>\n<\/div>\n<\/div>\n<\/div>\n<\/div>\n<div id=\"cmsms_row_69f17d1bdf564\" class=\"cmsms_row cmsms_color_scheme_default\">\n<div class=\"cmsms_row_outer_parent\">\n<div class=\"cmsms_row_outer\">\n<div class=\"cmsms_row_inner\">\n<div class=\"cmsms_row_margin\">\n<div class=\"cmsms_column one_first\">\n<div id=\"cmsms_notice_69f17d1bdf63c\" class=\"cmsms_notice cmsms_notice_success cmsms-icon-check-2\">\n<div class=\"notice_icon\"><\/div>\n<div class=\"notice_content\">\n<div><strong>Nab\u00f3r na szkolenie zosta\u0142 zamkni\u0119ty.<\/strong><\/div>\n<div><\/div>\n<div>Dzi\u0119kujemy za zainteresowanie.<\/div>\n<\/div>\n<\/div>\n<\/div>\n<\/div>\n<\/div>\n<\/div>\n<\/div>\n<\/div>\n\n","protected":false},"excerpt":{"rendered":"<p>Ruszy\u0142a rekrutacja\u00a0na pierwsze darmowe szkolenie ONLINE w roku 2021 w ramach cyklu szkoleniowego w\u00a0Akademii Producenta. TEMAT SZKOLENIA: \u201eDofinansowania dla producent\u00f3w rozpoczynaj\u0105cych i prowadz\u0105cych dzia\u0142alno\u015b\u0107: Premia 60 tys. dla Ma\u0142ych Gospodarstw (Restrukturyzacja Ma\u0142ych Gospodarstw)\u201d<\/p>\n","protected":false},"author":1,"featured_media":11314,"comment_status":"open","ping_status":"closed","sticky":false,"template":"","format":"standard","meta":{"footnotes":""},"categories":[55],"tags":[],"class_list":["post-10549","post","type-post","status-publish","format-standard","has-post-thumbnail","hentry","category-szkolenia"],"_links":{"self":[{"href":"https:\/\/lcpr.pl\/zg\/wp-json\/wp\/v2\/posts\/10549","targetHints":{"allow":["GET"]}}],"collection":[{"href":"https:\/\/lcpr.pl\/zg\/wp-json\/wp\/v2\/posts"}],"about":[{"href":"https:\/\/lcpr.pl\/zg\/wp-json\/wp\/v2\/types\/post"}],"author":[{"embeddable":true,"href":"https:\/\/lcpr.pl\/zg\/wp-json\/wp\/v2\/users\/1"}],"replies":[{"embeddable":true,"href":"https:\/\/lcpr.pl\/zg\/wp-json\/wp\/v2\/comments?post=10549"}],"version-history":[{"count":1,"href":"https:\/\/lcpr.pl\/zg\/wp-json\/wp\/v2\/posts\/10549\/revisions"}],"predecessor-version":[{"id":10550,"href":"https:\/\/lcpr.pl\/zg\/wp-json\/wp\/v2\/posts\/10549\/revisions\/10550"}],"wp:featuredmedia":[{"embeddable":true,"href":"https:\/\/lcpr.pl\/zg\/wp-json\/wp\/v2\/media\/11314"}],"wp:attachment":[{"href":"https:\/\/lcpr.pl\/zg\/wp-json\/wp\/v2\/media?parent=10549"}],"wp:term":[{"taxonomy":"category","embeddable":true,"href":"https:\/\/lcpr.pl\/zg\/wp-json\/wp\/v2\/categories?post=10549"},{"taxonomy":"post_tag","embeddable":true,"href":"https:\/\/lcpr.pl\/zg\/wp-json\/wp\/v2\/tags?post=10549"}],"curies":[{"name":"wp","href":"https:\/\/api.w.org\/{rel}","templated":true}]}}