{"id":10546,"date":"2020-12-01T14:11:25","date_gmt":"2020-12-01T13:11:25","guid":{"rendered":"https:\/\/lcpr.pl\/zg\/?p=10546"},"modified":"2024-06-07T12:27:49","modified_gmt":"2024-06-07T10:27:49","slug":"szkolenie-10-12-2020","status":"publish","type":"post","link":"https:\/\/lcpr.pl\/zg\/2020\/12\/01\/szkolenie-10-12-2020\/","title":{"rendered":"Szkolenie 10-12-2020"},"content":{"rendered":"<style type=\"text\/css\"> \n#cmsms_row_69f17c4579f6e .cmsms_row_outer_parent { \n\tpadding-top: 0px; \n} \n\n#cmsms_row_69f17c4579f6e .cmsms_row_outer_parent { \n\tpadding-bottom: 50px; \n} \n\n \n#cmsms_row_69f17c457a33e .cmsms_row_outer_parent { \n\tpadding-top: 0px; \n} \n\n#cmsms_row_69f17c457a33e .cmsms_row_outer_parent { \n\tpadding-bottom: 50px; \n} \n\n<\/style><div id=\"cmsms_row_69f17c4579f6e\" class=\"cmsms_row cmsms_color_scheme_default\">\n<div class=\"cmsms_row_outer_parent\">\n<div class=\"cmsms_row_outer\">\n<div class=\"cmsms_row_inner\">\n<div class=\"cmsms_row_margin\">\n<div class=\"cmsms_column one_first\">\n<div class=\"cmsms_text\">\n<p>Ruszy\u0142a rekrutacja na kolejne szkolenie\u00a0<strong>ONLINE\u00a0<\/strong>w ramach\u00a0<strong>Akademii Producenta<\/strong><\/p>\n<p>Temat szkolenia:<\/p>\n<h2 class=\"wp-block-heading\"><strong>SKLEP I REKLAMA NA FACEBOOK\u2019U<\/strong>\u00a0\u2013 Jak za\u0142o\u017cy\u0107 bezp\u0142atny sklep na Facebook\u2019u?<\/h2>\n<h4 class=\"has-vivid-red-color has-text-color wp-block-heading\"><em><strong>Je\u017celi kto\u015b z Pa\u0144stwa, jest zainteresowany materia\u0142ami ze zrealizowanego szkolenia, prosz\u0119 o kontakt na sekretariat@lcpr.pl<\/strong><\/em><\/h4>\n<h4 class=\"wp-block-heading\"><strong><span class=\"has-inline-color has-black-color\">UWAGA !<br \/>\nRekrutacja przed\u0142u\u017cona do 09.12.2020 (\u015broda) do godz. 9:00<\/span><\/strong><\/h4>\n<p>Termin szkolenia:\u00a0<strong>10 grudnia (czwartek) godz. 16:00 \u2013 20:00.<\/strong><\/p>\n<p>Tematyka:<br \/>\n\u2013 jak za\u0142o\u017cy\u0107 sklep na Facebooku<br \/>\n\u2013 dodawanie i oznaczanie produktu<br \/>\n\u2013 oznaczanie produkt\u00f3w ze sklepu w postach<br \/>\n\u2013 wyb\u00f3r celu reklamowego<br \/>\n\u2013 optymalizacj\u0119 bud\u017cetu<br \/>\n\u2013 wyb\u00f3r grupy docelowej<br \/>\n\u2013 kreacje i teksty w reklamie<\/p>\n<p>Prowadz\u0105cy:<br \/>\n<strong>Tymoteusz Tymi\u0144ski<\/strong>\u00a0\u2013 specjalista ds. medi\u00f3w spo\u0142eczno\u015bciowych w zakresie promocji samorz\u0105du i dzia\u0142a\u0144 lokalnych. Przez 5 lat prowadzi\u0142 media spo\u0142eczno\u015bciowe Wojew\u00f3dztwa Kujawsko-Pomorskiego, nagradzane Median\u0105 Per\u0142\u0105 Samorz\u0105du i Grand Prix Kryszta\u0142y PR \u201eNajlepszy wizerunek samorz\u0105du w mediach spo\u0142eczno\u015bciowych\u201d. Pomys\u0142odawca i organizator kampanii promocyjnych dla inicjatywach regionalnych.<\/p>\n<p>Ka\u017cdy uczestnik szkolenia otrzymuje:<\/p>\n<ul>\n<li>materia\u0142y szkoleniowe w wersji elektronicznej;<\/li>\n<li>imienny certyfikat uko\u0144czenia szkolenia.<\/li>\n<\/ul>\n<p>Co jest potrzebne \u017ceby uczestnicy mogli bra\u0107 udzia\u0142 w szkoleniu:<\/p>\n<p>\u2013 komputer z dost\u0119pem do Internetu;<br \/>\n\u2013 dzia\u0142aj\u0105ce g\u0142o\u015bniki lub wedle uznania s\u0142uchawki;<\/p>\n<p>Platforma, na kt\u00f3rej odbywa si\u0119 szkolenie, jest dost\u0119pna bezpo\u015brednio przez przegl\u0105dark\u0119 internetow\u0105, nie jest potrzebne pobieranie specjalnych program\u00f3w.<\/p>\n<p><strong>UWAGA<\/strong><\/p>\n<p><strong>W szkoleniu udzia\u0142 mog\u0105 wzi\u0105\u0107 tylko osoby zarejestrowane w bazie producent\u00f3wLubuskiego Centrum Produktu Regionalnego!<\/strong><br \/>\n<strong>Nie ma Ci\u0119?\u00a0<a href=\"https:\/\/lcpr.pl\/zg\/ankieta\/\" target=\"_blank\" rel=\"noreferrer noopener\">Do\u0142\u0105cz<\/a>\u00a0i wsp\u00f3\u0142pracuj z Lubuskim Centrum Produktu Regionalnego.<\/strong><\/p>\n<p><em>*W razie pyta\u0144, w\u0105tpliwo\u015bci prosimy o kontakt pod numerem telefonu: 501\u00a0045\u00a0876<\/em><\/p>\n<\/div>\n<\/div>\n<div class=\"cmsms_column one_first\">\n<\/div>\n<\/div>\n<\/div>\n<\/div>\n<\/div>\n<\/div>\n<div id=\"cmsms_row_69f17c457a33e\" class=\"cmsms_row cmsms_color_scheme_default\">\n<div class=\"cmsms_row_outer_parent\">\n<div class=\"cmsms_row_outer\">\n<div class=\"cmsms_row_inner\">\n<div class=\"cmsms_row_margin\">\n<div class=\"cmsms_column one_first\">\n<div id=\"cmsms_notice_69f17c457a42b\" class=\"cmsms_notice cmsms_notice_success cmsms-icon-check-2\">\n<div class=\"notice_icon\"><\/div>\n<div class=\"notice_content\">\n<div><strong>Nab\u00f3r na szkolenie zosta\u0142 zamkni\u0119ty.<\/strong><\/div>\n<div><\/div>\n<div>Dzi\u0119kujemy za zainteresowanie.<\/div>\n<\/div>\n<\/div>\n<\/div>\n<\/div>\n<\/div>\n<\/div>\n<\/div>\n<\/div>\n\n","protected":false},"excerpt":{"rendered":"<p>Ruszy\u0142a rekrutacja na kolejne szkolenie\u00a0ONLINE\u00a0w ramach\u00a0Akademii Producenta. Temat szkolenia: SKLEP I REKLAMA NA FACEBOOK\u2019U\u00a0\u2013 Jak za\u0142o\u017cy\u0107 bezp\u0142atny sklep na Facebook\u2019u?<\/p>\n","protected":false},"author":1,"featured_media":11311,"comment_status":"open","ping_status":"closed","sticky":false,"template":"","format":"standard","meta":{"footnotes":""},"categories":[55],"tags":[],"class_list":["post-10546","post","type-post","status-publish","format-standard","has-post-thumbnail","hentry","category-szkolenia"],"_links":{"self":[{"href":"https:\/\/lcpr.pl\/zg\/wp-json\/wp\/v2\/posts\/10546","targetHints":{"allow":["GET"]}}],"collection":[{"href":"https:\/\/lcpr.pl\/zg\/wp-json\/wp\/v2\/posts"}],"about":[{"href":"https:\/\/lcpr.pl\/zg\/wp-json\/wp\/v2\/types\/post"}],"author":[{"embeddable":true,"href":"https:\/\/lcpr.pl\/zg\/wp-json\/wp\/v2\/users\/1"}],"replies":[{"embeddable":true,"href":"https:\/\/lcpr.pl\/zg\/wp-json\/wp\/v2\/comments?post=10546"}],"version-history":[{"count":1,"href":"https:\/\/lcpr.pl\/zg\/wp-json\/wp\/v2\/posts\/10546\/revisions"}],"predecessor-version":[{"id":10547,"href":"https:\/\/lcpr.pl\/zg\/wp-json\/wp\/v2\/posts\/10546\/revisions\/10547"}],"wp:featuredmedia":[{"embeddable":true,"href":"https:\/\/lcpr.pl\/zg\/wp-json\/wp\/v2\/media\/11311"}],"wp:attachment":[{"href":"https:\/\/lcpr.pl\/zg\/wp-json\/wp\/v2\/media?parent=10546"}],"wp:term":[{"taxonomy":"category","embeddable":true,"href":"https:\/\/lcpr.pl\/zg\/wp-json\/wp\/v2\/categories?post=10546"},{"taxonomy":"post_tag","embeddable":true,"href":"https:\/\/lcpr.pl\/zg\/wp-json\/wp\/v2\/tags?post=10546"}],"curies":[{"name":"wp","href":"https:\/\/api.w.org\/{rel}","templated":true}]}}